
{"id":9701,"date":"2008-01-20T21:22:33","date_gmt":"2008-01-20T20:22:33","guid":{"rendered":"http:\/\/adamczewscy.pl\/?p=1755"},"modified":"2008-01-20T21:22:33","modified_gmt":"2008-01-20T20:22:33","slug":"cieleca-potrawka","status":"publish","type":"post","link":"https:\/\/blog.polityka.pl\/adamczewski\/2008\/01\/20\/cieleca-potrawka\/","title":{"rendered":"Ciel\u0119ca potrawka"},"content":{"rendered":"<p><em>(4 porcje)<br \/>\nOk. ? kg ciel\u0119ciny bez ko\u015bci (najlepiej z \u0142opatki), marchew, pietruszka, kawa\u0142ek selera, por, kostka roso\u0142u warzywnego lub drobiowego, s\u00f3l.<br \/>\nNa sos: \u0142y\u017cka mas\u0142a, \u0142y\u017cka m\u0105ki, szklanka wywaru  z mi\u0119sa \u0142y\u017ceczka siekanego koperku lub zielonej pietruszki, \u0142y\u017ceczka soku cytrynowego.<\/em><\/p>\n<p>1. Mi\u0119so podzieli\u0107 na porcje, wraz z 2 szklankami wody oraz obran\u0105 marchwi\u0105, pietruszk\u0105, selerem i porem w\u0142o\u017cy\u0107 do garnka. Doda\u0107 kostk\u0119 roso\u0142ow\u0105. Gotowa\u0107 mi\u0119so do mi\u0119kko\u015bci. Je\u015bli to konieczne &#8211; lekko dosoli\u0107.<br \/>\n2. W garnuszku rozpu\u015bci\u0107 mas\u0142o, doda\u0107 m\u0105k\u0119 i kiedy spieni si\u0119 i zbieleje doda\u0107 szklank\u0119 wywaru z ciel\u0119ciny, zagotowa\u0107 sos, doprawi\u0107 sokiem z cytryny, doda\u0107 koper lub pietruszk\u0119.<br \/>\n3. Podawa\u0107 mi\u0119so, polane sosem potrawkowym,  z ry\u017cem na sypko lub kluskami k\u0142adzionymi.<\/p>\n","protected":false},"excerpt":{"rendered":"<p>(4 porcje) Ok. ? kg ciel\u0119ciny bez ko\u015bci (najlepiej z \u0142opatki), marchew, pietruszka, kawa\u0142ek selera, por, kostka roso\u0142u warzywnego lub drobiowego, s\u00f3l. Na sos: \u0142y\u017cka mas\u0142a, \u0142y\u017cka m\u0105ki, szklanka wywaru z mi\u0119sa \u0142y\u017ceczka siekanego koperku lub zielonej pietruszki, \u0142y\u017ceczka soku cytrynowego. 1. Mi\u0119so podzieli\u0107 na porcje, wraz z 2 szklankami wody oraz obran\u0105 marchwi\u0105, pietruszk\u0105, [&hellip;]<\/p>\n","protected":false},"author":2,"featured_media":0,"comment_status":"open","ping_status":"open","sticky":false,"template":"","format":"standard","meta":{"footnotes":""},"categories":[1],"tags":[],"_links":{"self":[{"href":"https:\/\/blog.polityka.pl\/adamczewski\/wp-json\/wp\/v2\/posts\/9701"}],"collection":[{"href":"https:\/\/blog.polityka.pl\/adamczewski\/wp-json\/wp\/v2\/posts"}],"about":[{"href":"https:\/\/blog.polityka.pl\/adamczewski\/wp-json\/wp\/v2\/types\/post"}],"author":[{"embeddable":true,"href":"https:\/\/blog.polityka.pl\/adamczewski\/wp-json\/wp\/v2\/users\/2"}],"replies":[{"embeddable":true,"href":"https:\/\/blog.polityka.pl\/adamczewski\/wp-json\/wp\/v2\/comments?post=9701"}],"version-history":[{"count":0,"href":"https:\/\/blog.polityka.pl\/adamczewski\/wp-json\/wp\/v2\/posts\/9701\/revisions"}],"wp:attachment":[{"href":"https:\/\/blog.polityka.pl\/adamczewski\/wp-json\/wp\/v2\/media?parent=9701"}],"wp:term":[{"taxonomy":"category","embeddable":true,"href":"https:\/\/blog.polityka.pl\/adamczewski\/wp-json\/wp\/v2\/categories?post=9701"},{"taxonomy":"post_tag","embeddable":true,"href":"https:\/\/blog.polityka.pl\/adamczewski\/wp-json\/wp\/v2\/tags?post=9701"}],"curies":[{"name":"wp","href":"https:\/\/api.w.org\/{rel}","templated":true}]}}