
{"id":9705,"date":"2008-01-27T18:50:27","date_gmt":"2008-01-27T17:50:27","guid":{"rendered":"http:\/\/adamczewscy.pl\/?p=1767"},"modified":"2008-01-27T18:50:27","modified_gmt":"2008-01-27T17:50:27","slug":"zupa-grzybowa-2-2","status":"publish","type":"post","link":"https:\/\/blog.polityka.pl\/adamczewski\/2008\/01\/27\/zupa-grzybowa-2-2\/","title":{"rendered":"Zupa grzybowa"},"content":{"rendered":"<p><em>3-5 dag suszonych prawdziwk\u00f3w, porcja w\u0142oszczyzny bez kapusty, 1 du\u017ca cebula, 1 \u0142y\u017cka mas\u0142a, makaron lub lane kluski, \u015bmietana do smaku, natka pietruszki, s\u00f3l, pieprz<\/em><\/p>\n<p>Grzyby namoczy\u0107 w zimnej wodzie. Potem ugotowa\u0107 z jarzynami, cebul\u0105 i sol\u0105. Gdy zmi\u0119kn\u0105 &#8211; przecedzi\u0107. Posieka\u0107 grzyby i jarzyny i w\u0142o\u017cy\u0107 spowrotem do wywaru. Doprawi\u0107 zup\u0119 \u015bmietan\u0105 i wrzuci\u0107 ugotowany oddzielnie makaron, posiekan\u0105 natk\u0119, nieco pieprzu i \u0142y\u017ck\u0119 mas\u0142a.<\/p>\n","protected":false},"excerpt":{"rendered":"<p>3-5 dag suszonych prawdziwk\u00f3w, porcja w\u0142oszczyzny bez kapusty, 1 du\u017ca cebula, 1 \u0142y\u017cka mas\u0142a, makaron lub lane kluski, \u015bmietana do smaku, natka pietruszki, s\u00f3l, pieprz Grzyby namoczy\u0107 w zimnej wodzie. Potem ugotowa\u0107 z jarzynami, cebul\u0105 i sol\u0105. Gdy zmi\u0119kn\u0105 &#8211; przecedzi\u0107. Posieka\u0107 grzyby i jarzyny i w\u0142o\u017cy\u0107 spowrotem do wywaru. Doprawi\u0107 zup\u0119 \u015bmietan\u0105 i wrzuci\u0107 [&hellip;]<\/p>\n","protected":false},"author":2,"featured_media":0,"comment_status":"open","ping_status":"open","sticky":false,"template":"","format":"standard","meta":{"footnotes":""},"categories":[1],"tags":[],"_links":{"self":[{"href":"https:\/\/blog.polityka.pl\/adamczewski\/wp-json\/wp\/v2\/posts\/9705"}],"collection":[{"href":"https:\/\/blog.polityka.pl\/adamczewski\/wp-json\/wp\/v2\/posts"}],"about":[{"href":"https:\/\/blog.polityka.pl\/adamczewski\/wp-json\/wp\/v2\/types\/post"}],"author":[{"embeddable":true,"href":"https:\/\/blog.polityka.pl\/adamczewski\/wp-json\/wp\/v2\/users\/2"}],"replies":[{"embeddable":true,"href":"https:\/\/blog.polityka.pl\/adamczewski\/wp-json\/wp\/v2\/comments?post=9705"}],"version-history":[{"count":0,"href":"https:\/\/blog.polityka.pl\/adamczewski\/wp-json\/wp\/v2\/posts\/9705\/revisions"}],"wp:attachment":[{"href":"https:\/\/blog.polityka.pl\/adamczewski\/wp-json\/wp\/v2\/media?parent=9705"}],"wp:term":[{"taxonomy":"category","embeddable":true,"href":"https:\/\/blog.polityka.pl\/adamczewski\/wp-json\/wp\/v2\/categories?post=9705"},{"taxonomy":"post_tag","embeddable":true,"href":"https:\/\/blog.polityka.pl\/adamczewski\/wp-json\/wp\/v2\/tags?post=9705"}],"curies":[{"name":"wp","href":"https:\/\/api.w.org\/{rel}","templated":true}]}}