
{"id":9706,"date":"2008-01-27T18:51:18","date_gmt":"2008-01-27T17:51:18","guid":{"rendered":"http:\/\/adamczewscy.pl\/?p=1768"},"modified":"2008-01-27T18:51:18","modified_gmt":"2008-01-27T17:51:18","slug":"zielony-groszek-w-migdalowych-platkach","status":"publish","type":"post","link":"https:\/\/blog.polityka.pl\/adamczewski\/2008\/01\/27\/zielony-groszek-w-migdalowych-platkach\/","title":{"rendered":"Zielony groszek w migda\u0142owych p\u0142atkach"},"content":{"rendered":"<p><em>Puszka zielonego groszku konserwowego lub 0, 5 kg mro\u017conego albo \u015bwie\u017cego zielonego groszku  0, 75 szklanki migda\u0142owych p\u0142atk\u00f3w, \u0142y\u017cka mas\u0142a, \u0142y\u017ceczka miodu.<\/em><\/p>\n<p>1. Groszek \u015bwie\u017cy albo mro\u017cony ugotowa\u0107 z sol\u0105 i cukrem, odcedzi\u0107. Groszek konserwowy wystarczy odcedzi\u0107 z zalewy.<br \/>\n2. Migda\u0142y podpiec na rumiano na suchej patelni, doda\u0107 mas\u0142o, groszek, mi\u00f3d i wszystko razem wymiesza\u0107 na patelni jednocze\u015bnie mocno zagrzewaj\u0105c potraw\u0119.<\/p>\n<p>Groszek taki najlepiej nadaje si\u0119 jako dodatek do pieczonego kurczaka lub do ciel\u0119ciny.<\/p>\n","protected":false},"excerpt":{"rendered":"<p>Puszka zielonego groszku konserwowego lub 0, 5 kg mro\u017conego albo \u015bwie\u017cego zielonego groszku 0, 75 szklanki migda\u0142owych p\u0142atk\u00f3w, \u0142y\u017cka mas\u0142a, \u0142y\u017ceczka miodu. 1. Groszek \u015bwie\u017cy albo mro\u017cony ugotowa\u0107 z sol\u0105 i cukrem, odcedzi\u0107. Groszek konserwowy wystarczy odcedzi\u0107 z zalewy. 2. Migda\u0142y podpiec na rumiano na suchej patelni, doda\u0107 mas\u0142o, groszek, mi\u00f3d i wszystko razem wymiesza\u0107 [&hellip;]<\/p>\n","protected":false},"author":2,"featured_media":0,"comment_status":"open","ping_status":"open","sticky":false,"template":"","format":"standard","meta":{"footnotes":""},"categories":[1],"tags":[],"_links":{"self":[{"href":"https:\/\/blog.polityka.pl\/adamczewski\/wp-json\/wp\/v2\/posts\/9706"}],"collection":[{"href":"https:\/\/blog.polityka.pl\/adamczewski\/wp-json\/wp\/v2\/posts"}],"about":[{"href":"https:\/\/blog.polityka.pl\/adamczewski\/wp-json\/wp\/v2\/types\/post"}],"author":[{"embeddable":true,"href":"https:\/\/blog.polityka.pl\/adamczewski\/wp-json\/wp\/v2\/users\/2"}],"replies":[{"embeddable":true,"href":"https:\/\/blog.polityka.pl\/adamczewski\/wp-json\/wp\/v2\/comments?post=9706"}],"version-history":[{"count":0,"href":"https:\/\/blog.polityka.pl\/adamczewski\/wp-json\/wp\/v2\/posts\/9706\/revisions"}],"wp:attachment":[{"href":"https:\/\/blog.polityka.pl\/adamczewski\/wp-json\/wp\/v2\/media?parent=9706"}],"wp:term":[{"taxonomy":"category","embeddable":true,"href":"https:\/\/blog.polityka.pl\/adamczewski\/wp-json\/wp\/v2\/categories?post=9706"},{"taxonomy":"post_tag","embeddable":true,"href":"https:\/\/blog.polityka.pl\/adamczewski\/wp-json\/wp\/v2\/tags?post=9706"}],"curies":[{"name":"wp","href":"https:\/\/api.w.org\/{rel}","templated":true}]}}