
{"id":9707,"date":"2008-01-27T18:53:10","date_gmt":"2008-01-27T17:53:10","guid":{"rendered":"http:\/\/adamczewscy.pl\/?p=1769"},"modified":"2008-01-27T18:53:10","modified_gmt":"2008-01-27T17:53:10","slug":"zapiekanka-na-gwozdziu","status":"publish","type":"post","link":"https:\/\/blog.polityka.pl\/adamczewski\/2008\/01\/27\/zapiekanka-na-gwozdziu\/","title":{"rendered":"Zapiekanka ?na gwo\u017adziu?"},"content":{"rendered":"<p><em>(4 porcje)<\/p>\n<p>2 woreczki ry\u017cu do gotowania, 30 &#8211; 40 dag chudego boczku lub kie\u0142basy czy szynki, 12 &#8211; 15 suszonych \u015bliwek bez pestek, szklanka soku pomidorowego, p\u00f3\u0142 szklanki startego \u017c\u00f3\u0142tego sera, 4 \u0142y\u017cki oleju lub oliwy, s\u00f3l, pieprz, \u0142y\u017ceczka majeranku. Do wysmarowania naczynia \u017caroodpornego: \u0142y\u017cka mas\u0142a lub 2 \u0142y\u017cki oleju.<\/em><\/p>\n<p>1. Ugotowa\u0107 ry\u017c, odcedzi\u0107, wysypa\u0107 z woreczka, wymiesza\u0107 widelcem. Odstawi\u0107.<br \/>\n2. Boczek lub kie\u0142bas\u0119 czy szynk\u0119 pokroi\u0107 w drobn\u0105 kostk\u0119, podsma\u017cy\u0107 na mocno rozgrzanym oleju lub oliwie.<br \/>\n3. W wysmarowanym t\u0142uszczem naczyniu \u017caroodpornym roz\u0142o\u017cy\u0107 po\u0142ow\u0119 ry\u017cu, na nim podsma\u017cone mi\u0119so, \u015bliwki, posypa\u0107 pieprzem i majerankiem, okry\u0107 nast\u0119pn\u0105 warstw\u0105 ry\u017cu.<br \/>\n4. Wierzch zapiekanki wyg\u0142adzi\u0107. Zala\u0107 szklanka soku pomidorowego, posypa\u0107 startym serem.<br \/>\n5. Zapieka\u0107  ok. 30 minut w gor\u0105cym piekarniku: kiedy ser zaczyna si\u0119 rumieni\u0107 zapiekanka jest gotowa.<\/p>\n<p>Zapiekanka ?na gwo\u017adziu? to potrawa ratunkowa, kiedy w lod\u00f3wce mamy niewiele. Jest jednak smakowita.<\/p>\n","protected":false},"excerpt":{"rendered":"<p>(4 porcje) 2 woreczki ry\u017cu do gotowania, 30 &#8211; 40 dag chudego boczku lub kie\u0142basy czy szynki, 12 &#8211; 15 suszonych \u015bliwek bez pestek, szklanka soku pomidorowego, p\u00f3\u0142 szklanki startego \u017c\u00f3\u0142tego sera, 4 \u0142y\u017cki oleju lub oliwy, s\u00f3l, pieprz, \u0142y\u017ceczka majeranku. Do wysmarowania naczynia \u017caroodpornego: \u0142y\u017cka mas\u0142a lub 2 \u0142y\u017cki oleju. 1. Ugotowa\u0107 ry\u017c, odcedzi\u0107, [&hellip;]<\/p>\n","protected":false},"author":2,"featured_media":0,"comment_status":"open","ping_status":"open","sticky":false,"template":"","format":"standard","meta":{"footnotes":""},"categories":[1],"tags":[],"_links":{"self":[{"href":"https:\/\/blog.polityka.pl\/adamczewski\/wp-json\/wp\/v2\/posts\/9707"}],"collection":[{"href":"https:\/\/blog.polityka.pl\/adamczewski\/wp-json\/wp\/v2\/posts"}],"about":[{"href":"https:\/\/blog.polityka.pl\/adamczewski\/wp-json\/wp\/v2\/types\/post"}],"author":[{"embeddable":true,"href":"https:\/\/blog.polityka.pl\/adamczewski\/wp-json\/wp\/v2\/users\/2"}],"replies":[{"embeddable":true,"href":"https:\/\/blog.polityka.pl\/adamczewski\/wp-json\/wp\/v2\/comments?post=9707"}],"version-history":[{"count":0,"href":"https:\/\/blog.polityka.pl\/adamczewski\/wp-json\/wp\/v2\/posts\/9707\/revisions"}],"wp:attachment":[{"href":"https:\/\/blog.polityka.pl\/adamczewski\/wp-json\/wp\/v2\/media?parent=9707"}],"wp:term":[{"taxonomy":"category","embeddable":true,"href":"https:\/\/blog.polityka.pl\/adamczewski\/wp-json\/wp\/v2\/categories?post=9707"},{"taxonomy":"post_tag","embeddable":true,"href":"https:\/\/blog.polityka.pl\/adamczewski\/wp-json\/wp\/v2\/tags?post=9707"}],"curies":[{"name":"wp","href":"https:\/\/api.w.org\/{rel}","templated":true}]}}