
{"id":9710,"date":"2008-01-27T19:01:49","date_gmt":"2008-01-27T18:01:49","guid":{"rendered":"http:\/\/adamczewscy.pl\/?p=1772"},"modified":"2008-01-27T19:01:49","modified_gmt":"2008-01-27T18:01:49","slug":"szarlotka-bez-pieczenia","status":"publish","type":"post","link":"https:\/\/blog.polityka.pl\/adamczewski\/2008\/01\/27\/szarlotka-bez-pieczenia\/","title":{"rendered":"Szarlotka bez pieczenia"},"content":{"rendered":"<p><em>1 kg jab\u0142ek (najlepiej renet), 1, 5 szklanki wody, 2 \u0142y\u017cki cukru, \u0142y\u017cka cynamonu, 20 dag biszkopt\u00f3w, szklanka \u015bmietany krem\u00f3wki (30%) doskonale ozi\u0119bionej, \u0142y\u017ceczka cukru waniliowego,  \u0142y\u017cka kakao do posypania.<\/em><\/p>\n<p>1. Jab\u0142ka obra\u0107, wykroi\u0107 gniazda nasienne i poszatkowa\u0107 mo\u017cliwie drobno, podla\u0107 wod\u0105, ugotowa\u0107. Odcedzi\u0107 nadmiar wody a jab\u0142ka zmiksowa\u0107, doda\u0107 w razie potrzeby cukru, ale pami\u0119taj\u0105c o tym, \u017ce dodatek stanowi s\u0142odka bita \u015bmietana.<br \/>\n2. Biszkopty u\u0142o\u017cy\u0107 na dnie szklanej salaterki, na nich roz\u0142o\u017cy\u0107 mas\u0119 jab\u0142kow\u0105, posypa\u0107 cynamonem i wstawi\u0107 do lod\u00f3wki na kilka godzin lub na ca\u0142\u0105 noc.<br \/>\n3. Ubi\u0107 ozi\u0119bion\u0105 \u015bmietan\u0119, dodaj\u0105c pod koniec po trochu cukier-puder i cukier waniliowy. Roz\u0142o\u017cy\u0107 bit\u0105 \u015bmietan\u0119 na jab\u0142kach, posypa\u0107 \u0142y\u017ck\u0105 kakao.<\/p>\n","protected":false},"excerpt":{"rendered":"<p>1 kg jab\u0142ek (najlepiej renet), 1, 5 szklanki wody, 2 \u0142y\u017cki cukru, \u0142y\u017cka cynamonu, 20 dag biszkopt\u00f3w, szklanka \u015bmietany krem\u00f3wki (30%) doskonale ozi\u0119bionej, \u0142y\u017ceczka cukru waniliowego, \u0142y\u017cka kakao do posypania. 1. Jab\u0142ka obra\u0107, wykroi\u0107 gniazda nasienne i poszatkowa\u0107 mo\u017cliwie drobno, podla\u0107 wod\u0105, ugotowa\u0107. Odcedzi\u0107 nadmiar wody a jab\u0142ka zmiksowa\u0107, doda\u0107 w razie potrzeby cukru, ale [&hellip;]<\/p>\n","protected":false},"author":2,"featured_media":0,"comment_status":"open","ping_status":"open","sticky":false,"template":"","format":"standard","meta":{"footnotes":""},"categories":[1],"tags":[],"_links":{"self":[{"href":"https:\/\/blog.polityka.pl\/adamczewski\/wp-json\/wp\/v2\/posts\/9710"}],"collection":[{"href":"https:\/\/blog.polityka.pl\/adamczewski\/wp-json\/wp\/v2\/posts"}],"about":[{"href":"https:\/\/blog.polityka.pl\/adamczewski\/wp-json\/wp\/v2\/types\/post"}],"author":[{"embeddable":true,"href":"https:\/\/blog.polityka.pl\/adamczewski\/wp-json\/wp\/v2\/users\/2"}],"replies":[{"embeddable":true,"href":"https:\/\/blog.polityka.pl\/adamczewski\/wp-json\/wp\/v2\/comments?post=9710"}],"version-history":[{"count":0,"href":"https:\/\/blog.polityka.pl\/adamczewski\/wp-json\/wp\/v2\/posts\/9710\/revisions"}],"wp:attachment":[{"href":"https:\/\/blog.polityka.pl\/adamczewski\/wp-json\/wp\/v2\/media?parent=9710"}],"wp:term":[{"taxonomy":"category","embeddable":true,"href":"https:\/\/blog.polityka.pl\/adamczewski\/wp-json\/wp\/v2\/categories?post=9710"},{"taxonomy":"post_tag","embeddable":true,"href":"https:\/\/blog.polityka.pl\/adamczewski\/wp-json\/wp\/v2\/tags?post=9710"}],"curies":[{"name":"wp","href":"https:\/\/api.w.org\/{rel}","templated":true}]}}