
{"id":9711,"date":"2008-01-27T19:04:01","date_gmt":"2008-01-27T18:04:01","guid":{"rendered":"http:\/\/adamczewscy.pl\/?p=1773"},"modified":"2008-01-27T19:04:01","modified_gmt":"2008-01-27T18:04:01","slug":"surowka-z-zurawinami","status":"publish","type":"post","link":"https:\/\/blog.polityka.pl\/adamczewski\/2008\/01\/27\/surowka-z-zurawinami\/","title":{"rendered":"Sur\u00f3wka z \u017curawinami"},"content":{"rendered":"<p><em>6 marchwi, p\u00f3\u0142 szklanki \u017curawin, 2 \u0142y\u017cki cukru, ? szklanki \u015bmietany 12%, 3 \u0142y\u017cki chrzanu ze s\u0142oiczka, s\u00f3l, pieprz.<\/em><\/p>\n<p>1. Marchew obra\u0107 cienko (najlepiej skrobaczk\u0105 do warzyw), zetrze\u0107 na grubej jarzynowej tarce, wymiesza\u0107 ze \u015bmietan\u0105, doda\u0107 szczypt\u0119 soli.<br \/>\n2. \u017burawiny rozgnie\u015b\u0107 z cukrem, doda\u0107 chrzan, szczypt\u0119 pieprzu i po\u0142\u0105czy\u0107 z marchwi\u0105, dobrze wymiesza\u0107.<\/p>\n","protected":false},"excerpt":{"rendered":"<p>6 marchwi, p\u00f3\u0142 szklanki \u017curawin, 2 \u0142y\u017cki cukru, ? szklanki \u015bmietany 12%, 3 \u0142y\u017cki chrzanu ze s\u0142oiczka, s\u00f3l, pieprz. 1. Marchew obra\u0107 cienko (najlepiej skrobaczk\u0105 do warzyw), zetrze\u0107 na grubej jarzynowej tarce, wymiesza\u0107 ze \u015bmietan\u0105, doda\u0107 szczypt\u0119 soli. 2. \u017burawiny rozgnie\u015b\u0107 z cukrem, doda\u0107 chrzan, szczypt\u0119 pieprzu i po\u0142\u0105czy\u0107 z marchwi\u0105, dobrze wymiesza\u0107.<\/p>\n","protected":false},"author":2,"featured_media":0,"comment_status":"open","ping_status":"open","sticky":false,"template":"","format":"standard","meta":{"footnotes":""},"categories":[1],"tags":[],"_links":{"self":[{"href":"https:\/\/blog.polityka.pl\/adamczewski\/wp-json\/wp\/v2\/posts\/9711"}],"collection":[{"href":"https:\/\/blog.polityka.pl\/adamczewski\/wp-json\/wp\/v2\/posts"}],"about":[{"href":"https:\/\/blog.polityka.pl\/adamczewski\/wp-json\/wp\/v2\/types\/post"}],"author":[{"embeddable":true,"href":"https:\/\/blog.polityka.pl\/adamczewski\/wp-json\/wp\/v2\/users\/2"}],"replies":[{"embeddable":true,"href":"https:\/\/blog.polityka.pl\/adamczewski\/wp-json\/wp\/v2\/comments?post=9711"}],"version-history":[{"count":0,"href":"https:\/\/blog.polityka.pl\/adamczewski\/wp-json\/wp\/v2\/posts\/9711\/revisions"}],"wp:attachment":[{"href":"https:\/\/blog.polityka.pl\/adamczewski\/wp-json\/wp\/v2\/media?parent=9711"}],"wp:term":[{"taxonomy":"category","embeddable":true,"href":"https:\/\/blog.polityka.pl\/adamczewski\/wp-json\/wp\/v2\/categories?post=9711"},{"taxonomy":"post_tag","embeddable":true,"href":"https:\/\/blog.polityka.pl\/adamczewski\/wp-json\/wp\/v2\/tags?post=9711"}],"curies":[{"name":"wp","href":"https:\/\/api.w.org\/{rel}","templated":true}]}}