
{"id":9712,"date":"2008-01-27T19:04:44","date_gmt":"2008-01-27T18:04:44","guid":{"rendered":"http:\/\/adamczewscy.pl\/?p=1774"},"modified":"2008-01-27T19:04:44","modified_gmt":"2008-01-27T18:04:44","slug":"surowka-z-czterech-warzyw","status":"publish","type":"post","link":"https:\/\/blog.polityka.pl\/adamczewski\/2008\/01\/27\/surowka-z-czterech-warzyw\/","title":{"rendered":"Sur\u00f3wka z czterech warzyw"},"content":{"rendered":"<p><em>2 \u0142odygi selera naciowego, spora marchewka, ? szklanki r\u00f3\u017cyczek kalafiora, tyle samo r\u00f3\u017cyczek broku\u0142\u00f3w (mniej wi\u0119cej po ? ca\u0142ego warzywa)<br \/>\nna sos: 4 \u0142y\u017cki oliwy lub oleju z pestek winogron, \u0142y\u017cka octu balsamicznego lub 1, 5 \u0142y\u017cki soku z cytryny, s\u00f3l, p\u00f3\u0142 \u0142y\u017ceczki musztardy miodowej, szczypta pieprzu<\/em><\/p>\n<p>1. \u0141odygi selera obierz z w\u0142\u00f3kien i pokr\u00f3j na centymetrowe lub kr\u00f3tsze kawa\u0142ki.<br \/>\n2. Obran\u0105 marchewk\u0119 pokr\u00f3j (mo\u017cna to zrobi\u0107 za pomoc\u0105 \u0142opatki do krojenia ser\u00f3w) na cienkie plasterki.<br \/>\n3. Po\u0142\u0105cz posiekane broku\u0142y i kalafior z marchewk\u0105 i selerem. Wymieszaj.<br \/>\n4.  Przygotuj sos: podane sk\u0142adniki ubij w miseczce widelcem lub zmieszaj dok\u0142adnie w zakr\u0119canym s\u0142oiku twist. Sosem polej warzywa. Wymieszaj.<\/p>\n","protected":false},"excerpt":{"rendered":"<p>2 \u0142odygi selera naciowego, spora marchewka, ? szklanki r\u00f3\u017cyczek kalafiora, tyle samo r\u00f3\u017cyczek broku\u0142\u00f3w (mniej wi\u0119cej po ? ca\u0142ego warzywa) na sos: 4 \u0142y\u017cki oliwy lub oleju z pestek winogron, \u0142y\u017cka octu balsamicznego lub 1, 5 \u0142y\u017cki soku z cytryny, s\u00f3l, p\u00f3\u0142 \u0142y\u017ceczki musztardy miodowej, szczypta pieprzu 1. \u0141odygi selera obierz z w\u0142\u00f3kien i pokr\u00f3j [&hellip;]<\/p>\n","protected":false},"author":2,"featured_media":0,"comment_status":"open","ping_status":"open","sticky":false,"template":"","format":"standard","meta":{"footnotes":""},"categories":[1],"tags":[],"_links":{"self":[{"href":"https:\/\/blog.polityka.pl\/adamczewski\/wp-json\/wp\/v2\/posts\/9712"}],"collection":[{"href":"https:\/\/blog.polityka.pl\/adamczewski\/wp-json\/wp\/v2\/posts"}],"about":[{"href":"https:\/\/blog.polityka.pl\/adamczewski\/wp-json\/wp\/v2\/types\/post"}],"author":[{"embeddable":true,"href":"https:\/\/blog.polityka.pl\/adamczewski\/wp-json\/wp\/v2\/users\/2"}],"replies":[{"embeddable":true,"href":"https:\/\/blog.polityka.pl\/adamczewski\/wp-json\/wp\/v2\/comments?post=9712"}],"version-history":[{"count":0,"href":"https:\/\/blog.polityka.pl\/adamczewski\/wp-json\/wp\/v2\/posts\/9712\/revisions"}],"wp:attachment":[{"href":"https:\/\/blog.polityka.pl\/adamczewski\/wp-json\/wp\/v2\/media?parent=9712"}],"wp:term":[{"taxonomy":"category","embeddable":true,"href":"https:\/\/blog.polityka.pl\/adamczewski\/wp-json\/wp\/v2\/categories?post=9712"},{"taxonomy":"post_tag","embeddable":true,"href":"https:\/\/blog.polityka.pl\/adamczewski\/wp-json\/wp\/v2\/tags?post=9712"}],"curies":[{"name":"wp","href":"https:\/\/api.w.org\/{rel}","templated":true}]}}