
{"id":9713,"date":"2008-01-27T19:05:49","date_gmt":"2008-01-27T18:05:49","guid":{"rendered":"http:\/\/adamczewscy.pl\/?p=1775"},"modified":"2008-01-27T19:05:49","modified_gmt":"2008-01-27T18:05:49","slug":"surowka-marchewkowo-morelowa","status":"publish","type":"post","link":"https:\/\/blog.polityka.pl\/adamczewski\/2008\/01\/27\/surowka-marchewkowo-morelowa\/","title":{"rendered":"Sur\u00f3wka marchewkowo-morelowa"},"content":{"rendered":"<p><em>6 \u015brednich marchwi, 20 suszonych moreli,  p\u00f3\u0142 szklanki orzech\u00f3w w\u0142oskich,  \u0142y\u017ceczka miodu, 2 \u0142y\u017cki soku z cytryny, \u0142y\u017cka oleju z pestek winogron, szczypta soli.<\/em><\/p>\n<p>1. Suszone morele namoczy\u0107 w letniej wodzie na godzin\u0119. Osuszy\u0107, pokroi\u0107 w drobn\u0105 kostk\u0119.<br \/>\n2. Marchew cienko obra\u0107, zetrze\u0107 na jarzynowej grubej tarce.<br \/>\n3. Posieka\u0107 w\u0142oskie orzechy (niezbyt drobno).<br \/>\n4. Po\u0142\u0105czy\u0107 mi\u00f3d z olejem i sokiem cytrynowym, a nast\u0119pnie wymiesza\u0107 z marchwi\u0105, orzechami i morelami oraz szczypt\u0105 soli.<\/p>\n<p>W sezonie letnim mo\u017cna u\u017cy\u0107 zamiast suszonych &#8211; \u015bwie\u017cych nie nazbyt dojrza\u0142ych moreli.<br \/>\nSur\u00f3wka jest doskona\u0142ym dodatkiem do potraw ze schabu.<\/p>\n","protected":false},"excerpt":{"rendered":"<p>6 \u015brednich marchwi, 20 suszonych moreli, p\u00f3\u0142 szklanki orzech\u00f3w w\u0142oskich, \u0142y\u017ceczka miodu, 2 \u0142y\u017cki soku z cytryny, \u0142y\u017cka oleju z pestek winogron, szczypta soli. 1. Suszone morele namoczy\u0107 w letniej wodzie na godzin\u0119. Osuszy\u0107, pokroi\u0107 w drobn\u0105 kostk\u0119. 2. Marchew cienko obra\u0107, zetrze\u0107 na jarzynowej grubej tarce. 3. Posieka\u0107 w\u0142oskie orzechy (niezbyt drobno). 4. Po\u0142\u0105czy\u0107 [&hellip;]<\/p>\n","protected":false},"author":2,"featured_media":0,"comment_status":"open","ping_status":"open","sticky":false,"template":"","format":"standard","meta":{"footnotes":""},"categories":[1],"tags":[],"_links":{"self":[{"href":"https:\/\/blog.polityka.pl\/adamczewski\/wp-json\/wp\/v2\/posts\/9713"}],"collection":[{"href":"https:\/\/blog.polityka.pl\/adamczewski\/wp-json\/wp\/v2\/posts"}],"about":[{"href":"https:\/\/blog.polityka.pl\/adamczewski\/wp-json\/wp\/v2\/types\/post"}],"author":[{"embeddable":true,"href":"https:\/\/blog.polityka.pl\/adamczewski\/wp-json\/wp\/v2\/users\/2"}],"replies":[{"embeddable":true,"href":"https:\/\/blog.polityka.pl\/adamczewski\/wp-json\/wp\/v2\/comments?post=9713"}],"version-history":[{"count":0,"href":"https:\/\/blog.polityka.pl\/adamczewski\/wp-json\/wp\/v2\/posts\/9713\/revisions"}],"wp:attachment":[{"href":"https:\/\/blog.polityka.pl\/adamczewski\/wp-json\/wp\/v2\/media?parent=9713"}],"wp:term":[{"taxonomy":"category","embeddable":true,"href":"https:\/\/blog.polityka.pl\/adamczewski\/wp-json\/wp\/v2\/categories?post=9713"},{"taxonomy":"post_tag","embeddable":true,"href":"https:\/\/blog.polityka.pl\/adamczewski\/wp-json\/wp\/v2\/tags?post=9713"}],"curies":[{"name":"wp","href":"https:\/\/api.w.org\/{rel}","templated":true}]}}