
{"id":9714,"date":"2008-01-27T19:07:05","date_gmt":"2008-01-27T18:07:05","guid":{"rendered":"http:\/\/adamczewscy.pl\/?p=1776"},"modified":"2008-01-27T19:07:05","modified_gmt":"2008-01-27T18:07:05","slug":"sernik-na-drozdzach","status":"publish","type":"post","link":"https:\/\/blog.polityka.pl\/adamczewski\/2008\/01\/27\/sernik-na-drozdzach\/","title":{"rendered":"Sernik na dro\u017cd\u017cach"},"content":{"rendered":"<p><em>70 dag sera (najlepiej trzykrotnie mielonego), 1,5 szklanki cukru, 6 jaj, 5 \u0142y\u017cek mas\u0142a (p\u00f3\u0142 kostki), 2 dag dro\u017cd\u017cy, migda\u0142y i rodzynki oraz cukier waniliowy wed\u0142ug gustu.<br \/>\nDo wysmarowania formy: \u0142y\u017cka oliwy lub mas\u0142a. Do wysypania formy: 2 \u0142y\u017cki tartej bu\u0142ki.<\/em><\/p>\n<p>1. Ser utrze\u0107 ze szklank\u0105 cukru, dodaj\u0105c po jednym \u017c\u00f3\u0142tka oraz na koniec stopione mas\u0142o.<br \/>\n2. Wymiesza\u0107 dro\u017cd\u017ce z pozosta\u0142ym cukrem, doda\u0107 do sera, wymiesza\u0107. Doda\u0107 tak\u017ce bakalie i ew. cukier waniliowy<br \/>\n3. Ubi\u0107 sztywn\u0105 pian\u0119 z bia\u0142ek, doda\u0107 ostro\u017cnie do masy serowej.<br \/>\n4. Wy\u0142o\u017cy\u0107 mas\u0119 do wysmarowanej i wysypanej bu\u0142k\u0105 formy i piec w 170 st C oko\u0142o 50 minut.<\/p>\n","protected":false},"excerpt":{"rendered":"<p>70 dag sera (najlepiej trzykrotnie mielonego), 1,5 szklanki cukru, 6 jaj, 5 \u0142y\u017cek mas\u0142a (p\u00f3\u0142 kostki), 2 dag dro\u017cd\u017cy, migda\u0142y i rodzynki oraz cukier waniliowy wed\u0142ug gustu. Do wysmarowania formy: \u0142y\u017cka oliwy lub mas\u0142a. Do wysypania formy: 2 \u0142y\u017cki tartej bu\u0142ki. 1. Ser utrze\u0107 ze szklank\u0105 cukru, dodaj\u0105c po jednym \u017c\u00f3\u0142tka oraz na koniec stopione [&hellip;]<\/p>\n","protected":false},"author":2,"featured_media":0,"comment_status":"open","ping_status":"open","sticky":false,"template":"","format":"standard","meta":{"footnotes":""},"categories":[1],"tags":[],"_links":{"self":[{"href":"https:\/\/blog.polityka.pl\/adamczewski\/wp-json\/wp\/v2\/posts\/9714"}],"collection":[{"href":"https:\/\/blog.polityka.pl\/adamczewski\/wp-json\/wp\/v2\/posts"}],"about":[{"href":"https:\/\/blog.polityka.pl\/adamczewski\/wp-json\/wp\/v2\/types\/post"}],"author":[{"embeddable":true,"href":"https:\/\/blog.polityka.pl\/adamczewski\/wp-json\/wp\/v2\/users\/2"}],"replies":[{"embeddable":true,"href":"https:\/\/blog.polityka.pl\/adamczewski\/wp-json\/wp\/v2\/comments?post=9714"}],"version-history":[{"count":0,"href":"https:\/\/blog.polityka.pl\/adamczewski\/wp-json\/wp\/v2\/posts\/9714\/revisions"}],"wp:attachment":[{"href":"https:\/\/blog.polityka.pl\/adamczewski\/wp-json\/wp\/v2\/media?parent=9714"}],"wp:term":[{"taxonomy":"category","embeddable":true,"href":"https:\/\/blog.polityka.pl\/adamczewski\/wp-json\/wp\/v2\/categories?post=9714"},{"taxonomy":"post_tag","embeddable":true,"href":"https:\/\/blog.polityka.pl\/adamczewski\/wp-json\/wp\/v2\/tags?post=9714"}],"curies":[{"name":"wp","href":"https:\/\/api.w.org\/{rel}","templated":true}]}}