
{"id":9716,"date":"2008-01-27T19:10:29","date_gmt":"2008-01-27T18:10:29","guid":{"rendered":"http:\/\/adamczewscy.pl\/?p=1778"},"modified":"2008-01-27T19:10:29","modified_gmt":"2008-01-27T18:10:29","slug":"plesniak-2-2","status":"publish","type":"post","link":"https:\/\/blog.polityka.pl\/adamczewski\/2008\/01\/27\/plesniak-2-2\/","title":{"rendered":"Ple\u015bniak"},"content":{"rendered":"<p><em>2 szklanki m\u0105ki, 1 kostka margaryny lub mas\u0142a, 3 \u0142y\u017ceczki proszku do pieczenia, 4 jajka, 2 \u0142y\u017cki cukru, 1 szklanka cukru, olejek rumowy, marmolada lub powid\u0142a, 2 \u0142y\u017cki kakao.<\/em><\/p>\n<p>1. Na stolnicy usieka\u0107 przesian\u0105 m\u0105k\u0119 z mas\u0142em, doda\u0107 \u017c\u00f3\u0142tka utarte z 2 \u0142y\u017ckami cukru, proszek do pieczenia, zagnie\u015b\u0107 ciasto i wstawi\u0107 do lod\u00f3wki na 1 godz.<br \/>\n2. Po wyj\u0119ciu z lod\u00f3wki ciasto podzieli\u0107 na 3 cz\u0119\u015bci.<br \/>\n3. Pierwsz\u0105 cz\u0119\u015b\u0107 pokrojon\u0105 na plastry grubo\u015bci 1 cm u\u0142o\u017cy\u0107 na dnie tortownicy, a na niej rozprowadzi\u0107 cienk\u0105 warstw\u0119 marmolady lub powide\u0142.<br \/>\n4. Drug\u0105 cz\u0119\u015b\u0107 ciasta po\u0142\u0105czy\u0107 z kakao i olejkiem rumowym, jeszcze raz zagnie\u015b\u0107, pokruszy\u0107 lub utrze\u0107 na tarce o du\u017cych otworach, posypa\u0107 marmolad\u0119.<br \/>\n5. Nast\u0119pnie ubit\u0105 na sztywno pian\u0119 z bia\u0142ek i szklanki cukru u\u0142o\u017cy\u0107 jako kolejn\u0105 warstw\u0119.<br \/>\n6. Na koniec pokruszy\u0107 lub utrze\u0107 trzeci\u0105 cz\u0119\u015b\u0107 ciasta, jako ostatni\u0105 warstw\u0119.<br \/>\n7. Piec w rozgrzanym piekarniku ok. 40 min.<\/p>\n","protected":false},"excerpt":{"rendered":"<p>2 szklanki m\u0105ki, 1 kostka margaryny lub mas\u0142a, 3 \u0142y\u017ceczki proszku do pieczenia, 4 jajka, 2 \u0142y\u017cki cukru, 1 szklanka cukru, olejek rumowy, marmolada lub powid\u0142a, 2 \u0142y\u017cki kakao. 1. Na stolnicy usieka\u0107 przesian\u0105 m\u0105k\u0119 z mas\u0142em, doda\u0107 \u017c\u00f3\u0142tka utarte z 2 \u0142y\u017ckami cukru, proszek do pieczenia, zagnie\u015b\u0107 ciasto i wstawi\u0107 do lod\u00f3wki na 1 [&hellip;]<\/p>\n","protected":false},"author":2,"featured_media":0,"comment_status":"open","ping_status":"open","sticky":false,"template":"","format":"standard","meta":{"footnotes":""},"categories":[1],"tags":[],"_links":{"self":[{"href":"https:\/\/blog.polityka.pl\/adamczewski\/wp-json\/wp\/v2\/posts\/9716"}],"collection":[{"href":"https:\/\/blog.polityka.pl\/adamczewski\/wp-json\/wp\/v2\/posts"}],"about":[{"href":"https:\/\/blog.polityka.pl\/adamczewski\/wp-json\/wp\/v2\/types\/post"}],"author":[{"embeddable":true,"href":"https:\/\/blog.polityka.pl\/adamczewski\/wp-json\/wp\/v2\/users\/2"}],"replies":[{"embeddable":true,"href":"https:\/\/blog.polityka.pl\/adamczewski\/wp-json\/wp\/v2\/comments?post=9716"}],"version-history":[{"count":0,"href":"https:\/\/blog.polityka.pl\/adamczewski\/wp-json\/wp\/v2\/posts\/9716\/revisions"}],"wp:attachment":[{"href":"https:\/\/blog.polityka.pl\/adamczewski\/wp-json\/wp\/v2\/media?parent=9716"}],"wp:term":[{"taxonomy":"category","embeddable":true,"href":"https:\/\/blog.polityka.pl\/adamczewski\/wp-json\/wp\/v2\/categories?post=9716"},{"taxonomy":"post_tag","embeddable":true,"href":"https:\/\/blog.polityka.pl\/adamczewski\/wp-json\/wp\/v2\/tags?post=9716"}],"curies":[{"name":"wp","href":"https:\/\/api.w.org\/{rel}","templated":true}]}}