
{"id":9717,"date":"2008-01-27T19:12:07","date_gmt":"2008-01-27T18:12:07","guid":{"rendered":"http:\/\/adamczewscy.pl\/?p=1779"},"modified":"2008-01-27T19:12:07","modified_gmt":"2008-01-27T18:12:07","slug":"krupnik-w-oka-mgnieniu","status":"publish","type":"post","link":"https:\/\/blog.polityka.pl\/adamczewski\/2008\/01\/27\/krupnik-w-oka-mgnieniu\/","title":{"rendered":"Krupnik  w oka mgnieniu"},"content":{"rendered":"<p><em>(4 porcje)<br \/>\nSzklanka mro\u017conej w\u0142oszczyzny, 3 szklanki wody, s\u00f3l \u0142y\u017ceczka mas\u0142a, (mo\u017cna tak\u017ce doda\u0107 dla podniesienia smaku kostk\u0119 roso\u0142u warzywnego, drobiowego lub grzybowego), 5 \u0142y\u017cek j\u0119czmiennych p\u0142atk\u00f3w b\u0142yskawicznych, szklanka mleka. Do posypania \u0142y\u017cka siekanej zielonej pietruszki.<\/em><\/p>\n<p>1. Ugotowa\u0107 p\u0142atki w mleku.<br \/>\n2. W\u0142oszczyzn\u0119 zala\u0107 wod\u0105, je\u015bli przewidujemy taki dodatek, wrzuci\u0107 kostk\u0119 roso\u0142ow\u0105 i ugotowa\u0107<br \/>\n3. Po\u0142\u0105czy\u0107 p\u0142atki z mlekiem i  wywar warzywny, doda\u0107 s\u00f3l oraz siekan\u0105 zielenin\u0119.<\/p>\n","protected":false},"excerpt":{"rendered":"<p>(4 porcje) Szklanka mro\u017conej w\u0142oszczyzny, 3 szklanki wody, s\u00f3l \u0142y\u017ceczka mas\u0142a, (mo\u017cna tak\u017ce doda\u0107 dla podniesienia smaku kostk\u0119 roso\u0142u warzywnego, drobiowego lub grzybowego), 5 \u0142y\u017cek j\u0119czmiennych p\u0142atk\u00f3w b\u0142yskawicznych, szklanka mleka. Do posypania \u0142y\u017cka siekanej zielonej pietruszki. 1. Ugotowa\u0107 p\u0142atki w mleku. 2. W\u0142oszczyzn\u0119 zala\u0107 wod\u0105, je\u015bli przewidujemy taki dodatek, wrzuci\u0107 kostk\u0119 roso\u0142ow\u0105 i ugotowa\u0107 3. [&hellip;]<\/p>\n","protected":false},"author":2,"featured_media":0,"comment_status":"open","ping_status":"open","sticky":false,"template":"","format":"standard","meta":{"footnotes":""},"categories":[1],"tags":[],"_links":{"self":[{"href":"https:\/\/blog.polityka.pl\/adamczewski\/wp-json\/wp\/v2\/posts\/9717"}],"collection":[{"href":"https:\/\/blog.polityka.pl\/adamczewski\/wp-json\/wp\/v2\/posts"}],"about":[{"href":"https:\/\/blog.polityka.pl\/adamczewski\/wp-json\/wp\/v2\/types\/post"}],"author":[{"embeddable":true,"href":"https:\/\/blog.polityka.pl\/adamczewski\/wp-json\/wp\/v2\/users\/2"}],"replies":[{"embeddable":true,"href":"https:\/\/blog.polityka.pl\/adamczewski\/wp-json\/wp\/v2\/comments?post=9717"}],"version-history":[{"count":0,"href":"https:\/\/blog.polityka.pl\/adamczewski\/wp-json\/wp\/v2\/posts\/9717\/revisions"}],"wp:attachment":[{"href":"https:\/\/blog.polityka.pl\/adamczewski\/wp-json\/wp\/v2\/media?parent=9717"}],"wp:term":[{"taxonomy":"category","embeddable":true,"href":"https:\/\/blog.polityka.pl\/adamczewski\/wp-json\/wp\/v2\/categories?post=9717"},{"taxonomy":"post_tag","embeddable":true,"href":"https:\/\/blog.polityka.pl\/adamczewski\/wp-json\/wp\/v2\/tags?post=9717"}],"curies":[{"name":"wp","href":"https:\/\/api.w.org\/{rel}","templated":true}]}}