
{"id":9718,"date":"2008-01-27T19:22:09","date_gmt":"2008-01-27T18:22:09","guid":{"rendered":"http:\/\/adamczewscy.pl\/?p=1780"},"modified":"2008-01-27T19:22:09","modified_gmt":"2008-01-27T18:22:09","slug":"krem-brokulowy","status":"publish","type":"post","link":"https:\/\/blog.polityka.pl\/adamczewski\/2008\/01\/27\/krem-brokulowy\/","title":{"rendered":"Krem  broku\u0142owy"},"content":{"rendered":"<p><I>(4 porcje) <BR>Opakowanie, czyli ok. 50 dag broku\u0142\u00f3w, 4 ziemniaki, 3 szklanki roso\u0142u (mo\u017ce by\u0107 drobiowy z kostki), p\u00f3\u0142 szklanki p\u0142atk\u00f3w migda\u0142owych, 2 \u0142y\u017cki posiekanego szczypiorku, szklanka \u015bmietany 12%, s\u00f3l i cukier do smaku.<\/I> <BR><BR>1. Podzieli\u0107 broku\u0142y na drobne ga\u0142\u0105zki, ziemniaki pokroi\u0107 w kostk\u0119, zala\u0107 gor\u0105cym roso\u0142em i gotowa\u0107 oko\u0142o 10 minut. <BR>Ostudzi\u0107, zmiksowa\u0107. <BR>2. Migda\u0142y podsma\u017cy\u0107 na suchej patelni, aby sta\u0142y si\u0119 chrupkie. <BR>3. Doprawi\u0107 krem broku\u0142owy sol\u0105 i cukrem do smaku, doda\u0107 \u015bmietan\u0119. <BR>Ka\u017cd\u0105 porcj\u0119 posypywa\u0107 siekanym szczypiorkiem i p\u0142atkami migda\u0142owymi. <BR><BR><BR><\/p>\n","protected":false},"excerpt":{"rendered":"<p>(4 porcje) Opakowanie, czyli ok. 50 dag broku\u0142\u00f3w, 4 ziemniaki, 3 szklanki roso\u0142u (mo\u017ce by\u0107 drobiowy z kostki), p\u00f3\u0142 szklanki p\u0142atk\u00f3w migda\u0142owych, 2 \u0142y\u017cki posiekanego szczypiorku, szklanka \u015bmietany 12%, s\u00f3l i cukier do smaku. 1. Podzieli\u0107 broku\u0142y na drobne ga\u0142\u0105zki, ziemniaki pokroi\u0107 w kostk\u0119, zala\u0107 gor\u0105cym roso\u0142em i gotowa\u0107 oko\u0142o 10 minut. Ostudzi\u0107, zmiksowa\u0107. 2. [&hellip;]<\/p>\n","protected":false},"author":2,"featured_media":0,"comment_status":"open","ping_status":"open","sticky":false,"template":"","format":"standard","meta":{"footnotes":""},"categories":[1],"tags":[],"_links":{"self":[{"href":"https:\/\/blog.polityka.pl\/adamczewski\/wp-json\/wp\/v2\/posts\/9718"}],"collection":[{"href":"https:\/\/blog.polityka.pl\/adamczewski\/wp-json\/wp\/v2\/posts"}],"about":[{"href":"https:\/\/blog.polityka.pl\/adamczewski\/wp-json\/wp\/v2\/types\/post"}],"author":[{"embeddable":true,"href":"https:\/\/blog.polityka.pl\/adamczewski\/wp-json\/wp\/v2\/users\/2"}],"replies":[{"embeddable":true,"href":"https:\/\/blog.polityka.pl\/adamczewski\/wp-json\/wp\/v2\/comments?post=9718"}],"version-history":[{"count":0,"href":"https:\/\/blog.polityka.pl\/adamczewski\/wp-json\/wp\/v2\/posts\/9718\/revisions"}],"wp:attachment":[{"href":"https:\/\/blog.polityka.pl\/adamczewski\/wp-json\/wp\/v2\/media?parent=9718"}],"wp:term":[{"taxonomy":"category","embeddable":true,"href":"https:\/\/blog.polityka.pl\/adamczewski\/wp-json\/wp\/v2\/categories?post=9718"},{"taxonomy":"post_tag","embeddable":true,"href":"https:\/\/blog.polityka.pl\/adamczewski\/wp-json\/wp\/v2\/tags?post=9718"}],"curies":[{"name":"wp","href":"https:\/\/api.w.org\/{rel}","templated":true}]}}