
{"id":9719,"date":"2008-01-27T19:24:08","date_gmt":"2008-01-27T18:24:08","guid":{"rendered":"http:\/\/adamczewscy.pl\/?p=1781"},"modified":"2008-01-27T19:24:08","modified_gmt":"2008-01-27T18:24:08","slug":"gruszki-zapiekane-z-czekolada-2","status":"publish","type":"post","link":"https:\/\/blog.polityka.pl\/adamczewski\/2008\/01\/27\/gruszki-zapiekane-z-czekolada-2\/","title":{"rendered":"Gruszki zapiekane z czekolad\u0105"},"content":{"rendered":"<p><em>(4 porcje)<br \/>\n4 gruszki, 1\/3 tabliczki deserowej czekolady, 3 \u0142y\u017cki s\u0142odkiej \u015bmietanki,<br \/>\n2 \u0142y\u017cki cukru, 1 \u0142y\u017cka posiekanych orzech\u00f3w w\u0142oskich.<\/em><\/p>\n<p>Zagotowa\u0107 1 szklank\u0119 wody z cukrem. Obra\u0107 i poprzekrawa\u0107 gruszki na po\u0142\u00f3wki, wydr\u0105\u017cy\u0107 gniazda nasienne. Obgotowa\u0107 w wodzie z cukrem, ods\u0105czy\u0107.<br \/>\nCzekolad\u0119 pokruszy\u0107 i wraz ze \u015bmietank\u0105, w metalowym kubeczku wstawi\u0107 do wi\u0119kszego garnuszka z wrz\u0105ca wod\u0105, aby sie rozpu\u015bci\u0142a. P\u0142ynn\u0105 czekolad\u0119 wlewa\u0107 do wydr\u0105\u017conych gruszek, posypa\u0107 siekanymi orzechami i zapiec15-20 minut w piekarniku nagrzanym do temp. 180 st C.<\/p>\n","protected":false},"excerpt":{"rendered":"<p>(4 porcje) 4 gruszki, 1\/3 tabliczki deserowej czekolady, 3 \u0142y\u017cki s\u0142odkiej \u015bmietanki, 2 \u0142y\u017cki cukru, 1 \u0142y\u017cka posiekanych orzech\u00f3w w\u0142oskich. Zagotowa\u0107 1 szklank\u0119 wody z cukrem. Obra\u0107 i poprzekrawa\u0107 gruszki na po\u0142\u00f3wki, wydr\u0105\u017cy\u0107 gniazda nasienne. Obgotowa\u0107 w wodzie z cukrem, ods\u0105czy\u0107. Czekolad\u0119 pokruszy\u0107 i wraz ze \u015bmietank\u0105, w metalowym kubeczku wstawi\u0107 do wi\u0119kszego garnuszka z [&hellip;]<\/p>\n","protected":false},"author":2,"featured_media":0,"comment_status":"open","ping_status":"open","sticky":false,"template":"","format":"standard","meta":{"footnotes":""},"categories":[1],"tags":[],"_links":{"self":[{"href":"https:\/\/blog.polityka.pl\/adamczewski\/wp-json\/wp\/v2\/posts\/9719"}],"collection":[{"href":"https:\/\/blog.polityka.pl\/adamczewski\/wp-json\/wp\/v2\/posts"}],"about":[{"href":"https:\/\/blog.polityka.pl\/adamczewski\/wp-json\/wp\/v2\/types\/post"}],"author":[{"embeddable":true,"href":"https:\/\/blog.polityka.pl\/adamczewski\/wp-json\/wp\/v2\/users\/2"}],"replies":[{"embeddable":true,"href":"https:\/\/blog.polityka.pl\/adamczewski\/wp-json\/wp\/v2\/comments?post=9719"}],"version-history":[{"count":0,"href":"https:\/\/blog.polityka.pl\/adamczewski\/wp-json\/wp\/v2\/posts\/9719\/revisions"}],"wp:attachment":[{"href":"https:\/\/blog.polityka.pl\/adamczewski\/wp-json\/wp\/v2\/media?parent=9719"}],"wp:term":[{"taxonomy":"category","embeddable":true,"href":"https:\/\/blog.polityka.pl\/adamczewski\/wp-json\/wp\/v2\/categories?post=9719"},{"taxonomy":"post_tag","embeddable":true,"href":"https:\/\/blog.polityka.pl\/adamczewski\/wp-json\/wp\/v2\/tags?post=9719"}],"curies":[{"name":"wp","href":"https:\/\/api.w.org\/{rel}","templated":true}]}}