
{"id":9720,"date":"2008-01-27T19:25:21","date_gmt":"2008-01-27T18:25:21","guid":{"rendered":"http:\/\/adamczewscy.pl\/?p=1782"},"modified":"2008-01-27T19:25:21","modified_gmt":"2008-01-27T18:25:21","slug":"goraca-zupa-jablkowa","status":"publish","type":"post","link":"https:\/\/blog.polityka.pl\/adamczewski\/2008\/01\/27\/goraca-zupa-jablkowa\/","title":{"rendered":"Gor\u0105ca zupa jab\u0142kowa"},"content":{"rendered":"<p><em>(4 porcje)<br \/>\n5 sporych winnych jab\u0142ek, \u0142y\u017ceczka sk\u00f3rki startej z wyparzonej wrz\u0105tkiem cytryny, 3\u0142y\u017cki niezbyt drobno posiekanych w\u0142oskich orzech\u00f3w, szczypta soli, 2 &#8211; 3 \u0142y\u017cki cukru, 2 \u0142y\u017ceczki mas\u0142a i drobnych rodzynek, szklanka zmielonego suchego chleba razowego.<\/em><\/p>\n<p>1. Chleb zala\u0107 2 szklankami wody i gotowa\u0107 15 &#8211; 20 minut.<br \/>\n2. W tym samym czasie ugotowa\u0107 w 1 szklance wody 3 pokrojone na drobne kawa\u0142ki obranych ze sk\u00f3rki jab\u0142ek.<br \/>\n3. Ugotowane jab\u0142ka i chleb zmiesza\u0107, zmiksowa\u0107 na g\u0142adk\u0105 zup\u0119.<br \/>\n4. Pozosta\u0142e jab\u0142ka pokroi\u0107 w plasterki,  doda\u0107 cukier, mas\u0142o, nieco wody, sk\u00f3rk\u0119 cytrynow\u0105 i rodzynki. Kiedy jab\u0142ka stan\u0105 si\u0119 szkliste doda\u0107 do zupy, lekko posoli\u0107.<br \/>\n5. Zagrza\u0107 zup\u0119 i podawa\u0107 bardzo gor\u0105c\u0105.<\/p>\n","protected":false},"excerpt":{"rendered":"<p>(4 porcje) 5 sporych winnych jab\u0142ek, \u0142y\u017ceczka sk\u00f3rki startej z wyparzonej wrz\u0105tkiem cytryny, 3\u0142y\u017cki niezbyt drobno posiekanych w\u0142oskich orzech\u00f3w, szczypta soli, 2 &#8211; 3 \u0142y\u017cki cukru, 2 \u0142y\u017ceczki mas\u0142a i drobnych rodzynek, szklanka zmielonego suchego chleba razowego. 1. Chleb zala\u0107 2 szklankami wody i gotowa\u0107 15 &#8211; 20 minut. 2. W tym samym czasie ugotowa\u0107 [&hellip;]<\/p>\n","protected":false},"author":2,"featured_media":0,"comment_status":"open","ping_status":"open","sticky":false,"template":"","format":"standard","meta":{"footnotes":""},"categories":[1],"tags":[],"_links":{"self":[{"href":"https:\/\/blog.polityka.pl\/adamczewski\/wp-json\/wp\/v2\/posts\/9720"}],"collection":[{"href":"https:\/\/blog.polityka.pl\/adamczewski\/wp-json\/wp\/v2\/posts"}],"about":[{"href":"https:\/\/blog.polityka.pl\/adamczewski\/wp-json\/wp\/v2\/types\/post"}],"author":[{"embeddable":true,"href":"https:\/\/blog.polityka.pl\/adamczewski\/wp-json\/wp\/v2\/users\/2"}],"replies":[{"embeddable":true,"href":"https:\/\/blog.polityka.pl\/adamczewski\/wp-json\/wp\/v2\/comments?post=9720"}],"version-history":[{"count":0,"href":"https:\/\/blog.polityka.pl\/adamczewski\/wp-json\/wp\/v2\/posts\/9720\/revisions"}],"wp:attachment":[{"href":"https:\/\/blog.polityka.pl\/adamczewski\/wp-json\/wp\/v2\/media?parent=9720"}],"wp:term":[{"taxonomy":"category","embeddable":true,"href":"https:\/\/blog.polityka.pl\/adamczewski\/wp-json\/wp\/v2\/categories?post=9720"},{"taxonomy":"post_tag","embeddable":true,"href":"https:\/\/blog.polityka.pl\/adamczewski\/wp-json\/wp\/v2\/tags?post=9720"}],"curies":[{"name":"wp","href":"https:\/\/api.w.org\/{rel}","templated":true}]}}