
{"id":9721,"date":"2008-01-27T19:29:09","date_gmt":"2008-01-27T18:29:09","guid":{"rendered":"http:\/\/adamczewscy.pl\/?p=1783"},"modified":"2008-01-27T19:29:09","modified_gmt":"2008-01-27T18:29:09","slug":"filety-na-sposob-orientalny","status":"publish","type":"post","link":"https:\/\/blog.polityka.pl\/adamczewski\/2008\/01\/27\/filety-na-sposob-orientalny\/","title":{"rendered":"Filety na spos\u00f3b orientalny"},"content":{"rendered":"<p><em>(4 porcje)<br \/>\n4 filety z dorsza lub innej bia\u0142ej morskiej ryby, 3 \u0142y\u017cki oleju, \u0142y\u017cka m\u0105ki, s\u00f3l, cebula, szklanka soku jab\u0142kowego, 3 go\u017adziki, \u0142y\u017cka rodzynek, pieprz.<\/em><\/p>\n<p>1. Na \u0142y\u017cce oleju podsma\u017cy\u0107 obsypane lekko m\u0105k\u0105 filety, posoli\u0107 je.<br \/>\nOd\u0142o\u017cy\u0107.<br \/>\n2. Doda\u0107 pozosta\u0142y olej i na nim zeszkli\u0107 posiekan\u0105 jak najdrobniej cebul\u0119, doda\u0107 ryb\u0119, go\u017adziki, rodzynki, pieprz i sok jab\u0142kowy. Dusi\u0107 oko\u0142o 15 minut, zwracaj\u0105c uwag\u0119, aby ryba si\u0119 nie rozpad\u0142a.<br \/>\nFilety na spos\u00f3b orientalny mo\u017cna podawa\u0107 z kuskusem lub ry\u017cem. Mo\u017cna do niej doda\u0107 dla amator\u00f3w jak\u0105kolwiek ostr\u0105 przypraw\u0119.<\/p>\n","protected":false},"excerpt":{"rendered":"<p>(4 porcje) 4 filety z dorsza lub innej bia\u0142ej morskiej ryby, 3 \u0142y\u017cki oleju, \u0142y\u017cka m\u0105ki, s\u00f3l, cebula, szklanka soku jab\u0142kowego, 3 go\u017adziki, \u0142y\u017cka rodzynek, pieprz. 1. Na \u0142y\u017cce oleju podsma\u017cy\u0107 obsypane lekko m\u0105k\u0105 filety, posoli\u0107 je. Od\u0142o\u017cy\u0107. 2. Doda\u0107 pozosta\u0142y olej i na nim zeszkli\u0107 posiekan\u0105 jak najdrobniej cebul\u0119, doda\u0107 ryb\u0119, go\u017adziki, rodzynki, pieprz [&hellip;]<\/p>\n","protected":false},"author":2,"featured_media":0,"comment_status":"open","ping_status":"open","sticky":false,"template":"","format":"standard","meta":{"footnotes":""},"categories":[1],"tags":[],"_links":{"self":[{"href":"https:\/\/blog.polityka.pl\/adamczewski\/wp-json\/wp\/v2\/posts\/9721"}],"collection":[{"href":"https:\/\/blog.polityka.pl\/adamczewski\/wp-json\/wp\/v2\/posts"}],"about":[{"href":"https:\/\/blog.polityka.pl\/adamczewski\/wp-json\/wp\/v2\/types\/post"}],"author":[{"embeddable":true,"href":"https:\/\/blog.polityka.pl\/adamczewski\/wp-json\/wp\/v2\/users\/2"}],"replies":[{"embeddable":true,"href":"https:\/\/blog.polityka.pl\/adamczewski\/wp-json\/wp\/v2\/comments?post=9721"}],"version-history":[{"count":0,"href":"https:\/\/blog.polityka.pl\/adamczewski\/wp-json\/wp\/v2\/posts\/9721\/revisions"}],"wp:attachment":[{"href":"https:\/\/blog.polityka.pl\/adamczewski\/wp-json\/wp\/v2\/media?parent=9721"}],"wp:term":[{"taxonomy":"category","embeddable":true,"href":"https:\/\/blog.polityka.pl\/adamczewski\/wp-json\/wp\/v2\/categories?post=9721"},{"taxonomy":"post_tag","embeddable":true,"href":"https:\/\/blog.polityka.pl\/adamczewski\/wp-json\/wp\/v2\/tags?post=9721"}],"curies":[{"name":"wp","href":"https:\/\/api.w.org\/{rel}","templated":true}]}}