
{"id":9722,"date":"2008-01-27T19:30:19","date_gmt":"2008-01-27T18:30:19","guid":{"rendered":"http:\/\/adamczewscy.pl\/?p=1784"},"modified":"2008-01-27T19:30:19","modified_gmt":"2008-01-27T18:30:19","slug":"delikatny-dorsz-w-pieczarkach","status":"publish","type":"post","link":"https:\/\/blog.polityka.pl\/adamczewski\/2008\/01\/27\/delikatny-dorsz-w-pieczarkach\/","title":{"rendered":"Delikatny dorsz w pieczarkach"},"content":{"rendered":"<p><em>(4 porcje)<\/p>\n<p>4 p\u0142aty filet\u00f3w z dorsza, 2 \u0142y\u017cki soku z cytryny, szklanka bulionu warzywnego przygotowanego z kostki, du\u017cy por, 20 dag pieczarek, p\u00f3\u0142 \u0142y\u017ceczki (\u0142\u0105cznie) suszonej sza\u0142wii, oregano, tymianku i majeranku wymieszanych w dowolnych proporcjach, s\u00f3l, pieprz, do posypania \u0142y\u017cka siekanej zielonej pietruszki.<\/em><br \/>\n1. Filety rozmrozi\u0107, pokropi\u0107 sokiem cytrynowym.<br \/>\n2. Przekroi\u0107 pora na p\u00f3\u0142, oczy\u015bci\u0107 pomi\u0119dzy listkami, pokroi\u0107 w makaronik. Pieczarki pokroi\u0107 w plasterki.<br \/>\n3. Zagotowa\u0107 bulion, w\u0142o\u017cy\u0107 do niego ryb\u0119 i pieczarki z porem. Gotowa\u0107 pod przykryciem  20 minut. Posypa\u0107 siekan\u0105 zielon\u0105 pietruszk\u0105.<\/p>\n","protected":false},"excerpt":{"rendered":"<p>(4 porcje) 4 p\u0142aty filet\u00f3w z dorsza, 2 \u0142y\u017cki soku z cytryny, szklanka bulionu warzywnego przygotowanego z kostki, du\u017cy por, 20 dag pieczarek, p\u00f3\u0142 \u0142y\u017ceczki (\u0142\u0105cznie) suszonej sza\u0142wii, oregano, tymianku i majeranku wymieszanych w dowolnych proporcjach, s\u00f3l, pieprz, do posypania \u0142y\u017cka siekanej zielonej pietruszki. 1. Filety rozmrozi\u0107, pokropi\u0107 sokiem cytrynowym. 2. Przekroi\u0107 pora na p\u00f3\u0142, [&hellip;]<\/p>\n","protected":false},"author":2,"featured_media":0,"comment_status":"open","ping_status":"open","sticky":false,"template":"","format":"standard","meta":{"footnotes":""},"categories":[1],"tags":[],"_links":{"self":[{"href":"https:\/\/blog.polityka.pl\/adamczewski\/wp-json\/wp\/v2\/posts\/9722"}],"collection":[{"href":"https:\/\/blog.polityka.pl\/adamczewski\/wp-json\/wp\/v2\/posts"}],"about":[{"href":"https:\/\/blog.polityka.pl\/adamczewski\/wp-json\/wp\/v2\/types\/post"}],"author":[{"embeddable":true,"href":"https:\/\/blog.polityka.pl\/adamczewski\/wp-json\/wp\/v2\/users\/2"}],"replies":[{"embeddable":true,"href":"https:\/\/blog.polityka.pl\/adamczewski\/wp-json\/wp\/v2\/comments?post=9722"}],"version-history":[{"count":0,"href":"https:\/\/blog.polityka.pl\/adamczewski\/wp-json\/wp\/v2\/posts\/9722\/revisions"}],"wp:attachment":[{"href":"https:\/\/blog.polityka.pl\/adamczewski\/wp-json\/wp\/v2\/media?parent=9722"}],"wp:term":[{"taxonomy":"category","embeddable":true,"href":"https:\/\/blog.polityka.pl\/adamczewski\/wp-json\/wp\/v2\/categories?post=9722"},{"taxonomy":"post_tag","embeddable":true,"href":"https:\/\/blog.polityka.pl\/adamczewski\/wp-json\/wp\/v2\/tags?post=9722"}],"curies":[{"name":"wp","href":"https:\/\/api.w.org\/{rel}","templated":true}]}}