
{"id":9723,"date":"2008-01-27T19:31:44","date_gmt":"2008-01-27T18:31:44","guid":{"rendered":"http:\/\/adamczewscy.pl\/?p=1785"},"modified":"2008-01-27T19:31:44","modified_gmt":"2008-01-27T18:31:44","slug":"brzoskwiniowa-kapusta-pekinska","status":"publish","type":"post","link":"https:\/\/blog.polityka.pl\/adamczewski\/2008\/01\/27\/brzoskwiniowa-kapusta-pekinska\/","title":{"rendered":"Brzoskwiniowa kapusta peki\u0144ska"},"content":{"rendered":"<p><em>Niedu\u017ca kapusta peki\u0144ska, 4 po\u0142\u00f3wki brzoskwi\u0144 z puszki (lub w sezonie 2 \u015bwie\u017ce), p\u00f3\u0142 szklanki \u015bmietany jogurtowej, 3 \u0142y\u017cki soku pomara\u0144czowego, \u0142y\u017cka drobnych rodzynek, \u0142y\u017ceczka musztardy, 3 \u0142y\u017cki kie\u0142k\u00f3w lucerny lub rzodkiewki.<\/em><br \/>\n1. Kapust\u0119 peki\u0144sk\u0105 drobno pokroi\u0107 w makaronik.<br \/>\n2. Brzoskwinie pokroi\u0107 w cienkie plasterki.<br \/>\n3. Wymiesza\u0107 \u015bmietan\u0119 jogurtow\u0105 z musztard\u0105, sol\u0105 cukrem i pieprzem oraz sokiem pomara\u0144czowym.<br \/>\n4. Wymiesza\u0107 kapust\u0119 z brzoskwiniami i sosem, doda\u0107 kie\u0142ki.<\/p>\n<p>Podawa\u0107 t\u0119 sur\u00f3wk\u0119 mo\u017cna zar\u00f3wno do potraw z ryb jak i mi\u0119snych. Jej s\u0142odki smak jest szczeg\u00f3lnie odpowiedni do zestawiania z ciel\u0119cin\u0105 i drobiem.<\/p>\n","protected":false},"excerpt":{"rendered":"<p>Niedu\u017ca kapusta peki\u0144ska, 4 po\u0142\u00f3wki brzoskwi\u0144 z puszki (lub w sezonie 2 \u015bwie\u017ce), p\u00f3\u0142 szklanki \u015bmietany jogurtowej, 3 \u0142y\u017cki soku pomara\u0144czowego, \u0142y\u017cka drobnych rodzynek, \u0142y\u017ceczka musztardy, 3 \u0142y\u017cki kie\u0142k\u00f3w lucerny lub rzodkiewki. 1. Kapust\u0119 peki\u0144sk\u0105 drobno pokroi\u0107 w makaronik. 2. Brzoskwinie pokroi\u0107 w cienkie plasterki. 3. Wymiesza\u0107 \u015bmietan\u0119 jogurtow\u0105 z musztard\u0105, sol\u0105 cukrem i pieprzem [&hellip;]<\/p>\n","protected":false},"author":2,"featured_media":0,"comment_status":"open","ping_status":"open","sticky":false,"template":"","format":"standard","meta":{"footnotes":""},"categories":[1],"tags":[],"_links":{"self":[{"href":"https:\/\/blog.polityka.pl\/adamczewski\/wp-json\/wp\/v2\/posts\/9723"}],"collection":[{"href":"https:\/\/blog.polityka.pl\/adamczewski\/wp-json\/wp\/v2\/posts"}],"about":[{"href":"https:\/\/blog.polityka.pl\/adamczewski\/wp-json\/wp\/v2\/types\/post"}],"author":[{"embeddable":true,"href":"https:\/\/blog.polityka.pl\/adamczewski\/wp-json\/wp\/v2\/users\/2"}],"replies":[{"embeddable":true,"href":"https:\/\/blog.polityka.pl\/adamczewski\/wp-json\/wp\/v2\/comments?post=9723"}],"version-history":[{"count":0,"href":"https:\/\/blog.polityka.pl\/adamczewski\/wp-json\/wp\/v2\/posts\/9723\/revisions"}],"wp:attachment":[{"href":"https:\/\/blog.polityka.pl\/adamczewski\/wp-json\/wp\/v2\/media?parent=9723"}],"wp:term":[{"taxonomy":"category","embeddable":true,"href":"https:\/\/blog.polityka.pl\/adamczewski\/wp-json\/wp\/v2\/categories?post=9723"},{"taxonomy":"post_tag","embeddable":true,"href":"https:\/\/blog.polityka.pl\/adamczewski\/wp-json\/wp\/v2\/tags?post=9723"}],"curies":[{"name":"wp","href":"https:\/\/api.w.org\/{rel}","templated":true}]}}