
{"id":9724,"date":"2008-01-27T19:32:42","date_gmt":"2008-01-27T18:32:42","guid":{"rendered":"http:\/\/adamczewscy.pl\/?p=1786"},"modified":"2008-01-27T19:32:42","modified_gmt":"2008-01-27T18:32:42","slug":"banany-w-ciescie","status":"publish","type":"post","link":"https:\/\/blog.polityka.pl\/adamczewski\/2008\/01\/27\/banany-w-ciescie\/","title":{"rendered":"Banany w cie\u015bcie"},"content":{"rendered":"<p><em> (8 porcji) <\/em><\/p>\n<p><em>8 banan\u00f3w, p\u00f3\u0142 cytryny, \u0142y\u017cka m\u0105ki, p\u00f3\u0142 szklanki oleju do sma\u017cenia, 2-3 \u0142y\u017cki cukru pudru do posypania<br \/>\nna ciasto: 0, 75 szklanki \u015bmietanki 12 %, jajko, 1, 5 szklanki m\u0105ki, szczypta soli, ewentualnie odrobina gazowanej wody mineralnej<\/em><br \/>\n1. Wsyp do dzbanuszka m\u0105k\u0119, dodaj \u015bmietank\u0119, jajko oraz s\u00f3l i dok\u0142adnie wymieszaj, najlepiej r\u0119cznym mikserem. Ciasto powinno by\u0107 do\u015b\u0107 g\u0119ste, aby nie sp\u0142ywa\u0142o z owoc\u00f3w. Gdyby okaza\u0142o si\u0119 jednak zbyt g\u0119ste, dodaj odrobin\u0119 gazowanej wody i zn\u00f3w starannie wymieszaj.<br \/>\n2. Pokr\u00f3j banany wzd\u0142u\u017c w plastry grubo\u015bci oko\u0142o 1 centymetra i skrop sokiem cytrynowym, aby nie czernia\u0142y.<br \/>\n3. Rozgrzej olej w g\u0142\u0119bszej patelni.<br \/>\n4. Ka\u017cdy kawa\u0142ek banana obtaczaj lekko w m\u0105ce, potem zanurzaj w cie\u015bcie (najlepiej u\u017cy\u0107 szczypiec kuchennych, jakimi przewraca si\u0119 mi\u0119so na grillu) i sma\u017c na rozgrzanym oleju ze wszystkich stron na z\u0142ocisto.<\/p>\n","protected":false},"excerpt":{"rendered":"<p>(8 porcji) 8 banan\u00f3w, p\u00f3\u0142 cytryny, \u0142y\u017cka m\u0105ki, p\u00f3\u0142 szklanki oleju do sma\u017cenia, 2-3 \u0142y\u017cki cukru pudru do posypania na ciasto: 0, 75 szklanki \u015bmietanki 12 %, jajko, 1, 5 szklanki m\u0105ki, szczypta soli, ewentualnie odrobina gazowanej wody mineralnej 1. Wsyp do dzbanuszka m\u0105k\u0119, dodaj \u015bmietank\u0119, jajko oraz s\u00f3l i dok\u0142adnie wymieszaj, najlepiej r\u0119cznym mikserem. [&hellip;]<\/p>\n","protected":false},"author":2,"featured_media":0,"comment_status":"open","ping_status":"open","sticky":false,"template":"","format":"standard","meta":{"footnotes":""},"categories":[1],"tags":[],"_links":{"self":[{"href":"https:\/\/blog.polityka.pl\/adamczewski\/wp-json\/wp\/v2\/posts\/9724"}],"collection":[{"href":"https:\/\/blog.polityka.pl\/adamczewski\/wp-json\/wp\/v2\/posts"}],"about":[{"href":"https:\/\/blog.polityka.pl\/adamczewski\/wp-json\/wp\/v2\/types\/post"}],"author":[{"embeddable":true,"href":"https:\/\/blog.polityka.pl\/adamczewski\/wp-json\/wp\/v2\/users\/2"}],"replies":[{"embeddable":true,"href":"https:\/\/blog.polityka.pl\/adamczewski\/wp-json\/wp\/v2\/comments?post=9724"}],"version-history":[{"count":0,"href":"https:\/\/blog.polityka.pl\/adamczewski\/wp-json\/wp\/v2\/posts\/9724\/revisions"}],"wp:attachment":[{"href":"https:\/\/blog.polityka.pl\/adamczewski\/wp-json\/wp\/v2\/media?parent=9724"}],"wp:term":[{"taxonomy":"category","embeddable":true,"href":"https:\/\/blog.polityka.pl\/adamczewski\/wp-json\/wp\/v2\/categories?post=9724"},{"taxonomy":"post_tag","embeddable":true,"href":"https:\/\/blog.polityka.pl\/adamczewski\/wp-json\/wp\/v2\/tags?post=9724"}],"curies":[{"name":"wp","href":"https:\/\/api.w.org\/{rel}","templated":true}]}}