
{"id":9725,"date":"2008-01-27T19:33:50","date_gmt":"2008-01-27T18:33:50","guid":{"rendered":"http:\/\/adamczewscy.pl\/?p=1787"},"modified":"2008-01-27T19:33:50","modified_gmt":"2008-01-27T18:33:50","slug":"aromatyczna-brukselka","status":"publish","type":"post","link":"https:\/\/blog.polityka.pl\/adamczewski\/2008\/01\/27\/aromatyczna-brukselka\/","title":{"rendered":"Aromatyczna brukselka"},"content":{"rendered":"<p><em>50 dag brukselki, 2 z\u0105bki czosnku,  2 \u0142y\u017cki mas\u0142a,  sok z cytryny, p\u00f3\u0142 szklanki \u015bmietany 18%, p\u00f3\u0142 szklanki roso\u0142u warzywnego z kostki, s\u00f3l, pieprz, do smaku  mielona ga\u0142ka muszkato\u0142owa i cukier.<\/em><br \/>\n1. Oczy\u015bci\u0107 brukselk\u0119 z uszkodzonych listk\u00f3w, przesieka\u0107 ja du\u017cym no\u017cem, doda\u0107 przeci\u015bni\u0119ty przez prask\u0119 czosnek.<br \/>\n2. Na patelni stopi\u0107 mas\u0142o, doda\u0107 brukselk\u0119 z czosnkiem i dusi\u0107 podlewaj\u0105c roso\u0142em warzywnym oko\u0142o 15 minut, w tym czasie doprawi\u0107 sol\u0105, pieprzem, sokiem cytrynowym i ga\u0142k\u0105 muszkato\u0142ow\u0105 oraz cukrem do smaku.<br \/>\n3. Doda\u0107 \u015bmietan\u0119 i gotowa\u0107 oko\u0142o 10-15 minut. Cz\u0119sto miesza\u0107 potraw\u0119, aby si\u0119 nie przypali\u0142a.<\/p>\n","protected":false},"excerpt":{"rendered":"<p>50 dag brukselki, 2 z\u0105bki czosnku, 2 \u0142y\u017cki mas\u0142a, sok z cytryny, p\u00f3\u0142 szklanki \u015bmietany 18%, p\u00f3\u0142 szklanki roso\u0142u warzywnego z kostki, s\u00f3l, pieprz, do smaku mielona ga\u0142ka muszkato\u0142owa i cukier. 1. Oczy\u015bci\u0107 brukselk\u0119 z uszkodzonych listk\u00f3w, przesieka\u0107 ja du\u017cym no\u017cem, doda\u0107 przeci\u015bni\u0119ty przez prask\u0119 czosnek. 2. Na patelni stopi\u0107 mas\u0142o, doda\u0107 brukselk\u0119 z czosnkiem [&hellip;]<\/p>\n","protected":false},"author":2,"featured_media":0,"comment_status":"open","ping_status":"open","sticky":false,"template":"","format":"standard","meta":{"footnotes":""},"categories":[1],"tags":[],"_links":{"self":[{"href":"https:\/\/blog.polityka.pl\/adamczewski\/wp-json\/wp\/v2\/posts\/9725"}],"collection":[{"href":"https:\/\/blog.polityka.pl\/adamczewski\/wp-json\/wp\/v2\/posts"}],"about":[{"href":"https:\/\/blog.polityka.pl\/adamczewski\/wp-json\/wp\/v2\/types\/post"}],"author":[{"embeddable":true,"href":"https:\/\/blog.polityka.pl\/adamczewski\/wp-json\/wp\/v2\/users\/2"}],"replies":[{"embeddable":true,"href":"https:\/\/blog.polityka.pl\/adamczewski\/wp-json\/wp\/v2\/comments?post=9725"}],"version-history":[{"count":0,"href":"https:\/\/blog.polityka.pl\/adamczewski\/wp-json\/wp\/v2\/posts\/9725\/revisions"}],"wp:attachment":[{"href":"https:\/\/blog.polityka.pl\/adamczewski\/wp-json\/wp\/v2\/media?parent=9725"}],"wp:term":[{"taxonomy":"category","embeddable":true,"href":"https:\/\/blog.polityka.pl\/adamczewski\/wp-json\/wp\/v2\/categories?post=9725"},{"taxonomy":"post_tag","embeddable":true,"href":"https:\/\/blog.polityka.pl\/adamczewski\/wp-json\/wp\/v2\/tags?post=9725"}],"curies":[{"name":"wp","href":"https:\/\/api.w.org\/{rel}","templated":true}]}}