
{"id":9726,"date":"2008-01-27T19:35:17","date_gmt":"2008-01-27T18:35:17","guid":{"rendered":"http:\/\/adamczewscy.pl\/?p=1788"},"modified":"2008-01-27T19:35:17","modified_gmt":"2008-01-27T18:35:17","slug":"biala-surowka","status":"publish","type":"post","link":"https:\/\/blog.polityka.pl\/adamczewski\/2008\/01\/27\/biala-surowka\/","title":{"rendered":"Bia\u0142a sur\u00f3wka"},"content":{"rendered":"<p><em>Korze\u0144 bia\u0142ej d\u0142ugiej rzodkwi daikon, 1 &#8211; 2 zielone og\u00f3rki, 2 \u0142y\u017cki posiekanej zielonej pietruszki, p\u00f3\u0142 szklanki g\u0119stego jogurtu naturalnego lub \u015bmietany jogurtowej, s\u00f3l, cukier i pieprz oraz kilka kropli soku cytrynowego.<\/em><br \/>\n1. Rzodkiew obra\u0107 i zetrze\u0107 na grubej tarce jarzynowej. Skropi\u0107 lekko sokiem cytrynowym.<br \/>\n2. Obra\u0107 i pokroi\u0107 og\u00f3rek w drobn\u0105 kostk\u0119.<br \/>\n3. Wymiesza\u0107 oba warzywa, doda\u0107 siekan\u0105 zielon\u0105 pietruszk\u0119. Je\u015bli zbierze si\u0119 nadmiar soku-mo\u017cna go odla\u0107.<br \/>\n4. Wymiesza\u0107 jogurt lub \u015bmietan\u0119 jogurtow\u0105 z sol\u0105, cukrem, pieprzem wed\u0142ug smaku.<br \/>\n5. Doda\u0107 do warzyw sos, wymiesza\u0107, odstawi\u0107 co najmniej na 15 minut.<\/p>\n","protected":false},"excerpt":{"rendered":"<p>Korze\u0144 bia\u0142ej d\u0142ugiej rzodkwi daikon, 1 &#8211; 2 zielone og\u00f3rki, 2 \u0142y\u017cki posiekanej zielonej pietruszki, p\u00f3\u0142 szklanki g\u0119stego jogurtu naturalnego lub \u015bmietany jogurtowej, s\u00f3l, cukier i pieprz oraz kilka kropli soku cytrynowego. 1. Rzodkiew obra\u0107 i zetrze\u0107 na grubej tarce jarzynowej. Skropi\u0107 lekko sokiem cytrynowym. 2. Obra\u0107 i pokroi\u0107 og\u00f3rek w drobn\u0105 kostk\u0119. 3. Wymiesza\u0107 [&hellip;]<\/p>\n","protected":false},"author":2,"featured_media":0,"comment_status":"open","ping_status":"open","sticky":false,"template":"","format":"standard","meta":{"footnotes":""},"categories":[1],"tags":[],"_links":{"self":[{"href":"https:\/\/blog.polityka.pl\/adamczewski\/wp-json\/wp\/v2\/posts\/9726"}],"collection":[{"href":"https:\/\/blog.polityka.pl\/adamczewski\/wp-json\/wp\/v2\/posts"}],"about":[{"href":"https:\/\/blog.polityka.pl\/adamczewski\/wp-json\/wp\/v2\/types\/post"}],"author":[{"embeddable":true,"href":"https:\/\/blog.polityka.pl\/adamczewski\/wp-json\/wp\/v2\/users\/2"}],"replies":[{"embeddable":true,"href":"https:\/\/blog.polityka.pl\/adamczewski\/wp-json\/wp\/v2\/comments?post=9726"}],"version-history":[{"count":0,"href":"https:\/\/blog.polityka.pl\/adamczewski\/wp-json\/wp\/v2\/posts\/9726\/revisions"}],"wp:attachment":[{"href":"https:\/\/blog.polityka.pl\/adamczewski\/wp-json\/wp\/v2\/media?parent=9726"}],"wp:term":[{"taxonomy":"category","embeddable":true,"href":"https:\/\/blog.polityka.pl\/adamczewski\/wp-json\/wp\/v2\/categories?post=9726"},{"taxonomy":"post_tag","embeddable":true,"href":"https:\/\/blog.polityka.pl\/adamczewski\/wp-json\/wp\/v2\/tags?post=9726"}],"curies":[{"name":"wp","href":"https:\/\/api.w.org\/{rel}","templated":true}]}}