
{"id":9727,"date":"2008-02-03T17:15:46","date_gmt":"2008-02-03T16:15:46","guid":{"rendered":"http:\/\/adamczewscy.pl\/?p=1790"},"modified":"2008-02-03T17:15:46","modified_gmt":"2008-02-03T16:15:46","slug":"babka-ziemniaczano-sledziowa","status":"publish","type":"post","link":"https:\/\/blog.polityka.pl\/adamczewski\/2008\/02\/03\/babka-ziemniaczano-sledziowa\/","title":{"rendered":"Babka ziemniaczano-\u015bledziowa"},"content":{"rendered":"<p><em>(4-6 porcji)<\/p>\n<p>6 p\u0142at\u00f3w filet\u00f3w \u015bledziowych, 8 \u015brednich ziemniak\u00f3w, ? szklanki \u015bmietany, 2 jaja, \u0142y\u017cka m\u0105ki, s\u00f3l, pieprz, 4 \u0142y\u017cki mas\u0142a.<\/em><\/p>\n<p>1. \u015aledzie moczy\u0107 3-4 godziny w zimnej wodzie zmieniaj\u0105c j\u0105 dwukrotnie. Wyj\u0105\u0107 \u015bledzie z wody  a nast\u0119pnie zala\u0107 szklank\u0105 mleka na 30 minut.  Wymoczone wytrze\u0107 papierow\u0105 \u015bciereczk\u0105 kuchenn\u0105. Zmiksowa\u0107.<br \/>\n2. Ziemniaki ugotowa\u0107, starannie pot\u0142uc lub przecisn\u0105\u0107 przez prask\u0119 do ziemniak\u00f3w.<br \/>\n3. Wymiesza\u0107 \u015bledzie z ziemniakami, doda\u0107 \u015bmietan\u0119, s\u00f3l, pieprz i jaja.<br \/>\n4. Wysmarowa\u0107 suto mas\u0142em form\u0119  do pieczenia bab, na\u0142o\u017cy\u0107 mas\u0119 ziemniaczano-\u015bledziow\u0105 i wstawi\u0107 do piekarnika. Piec 40 minut w 200 st C.<\/p>\n<p>Do babki tej najlepiej poda\u0107 sos z korniszon\u00f3w lub korniszony albo og\u00f3rki konserwowe.<\/p>\n","protected":false},"excerpt":{"rendered":"<p>(4-6 porcji) 6 p\u0142at\u00f3w filet\u00f3w \u015bledziowych, 8 \u015brednich ziemniak\u00f3w, ? szklanki \u015bmietany, 2 jaja, \u0142y\u017cka m\u0105ki, s\u00f3l, pieprz, 4 \u0142y\u017cki mas\u0142a. 1. \u015aledzie moczy\u0107 3-4 godziny w zimnej wodzie zmieniaj\u0105c j\u0105 dwukrotnie. Wyj\u0105\u0107 \u015bledzie z wody a nast\u0119pnie zala\u0107 szklank\u0105 mleka na 30 minut. Wymoczone wytrze\u0107 papierow\u0105 \u015bciereczk\u0105 kuchenn\u0105. Zmiksowa\u0107. 2. Ziemniaki ugotowa\u0107, starannie pot\u0142uc [&hellip;]<\/p>\n","protected":false},"author":2,"featured_media":0,"comment_status":"open","ping_status":"open","sticky":false,"template":"","format":"standard","meta":{"footnotes":""},"categories":[1],"tags":[],"_links":{"self":[{"href":"https:\/\/blog.polityka.pl\/adamczewski\/wp-json\/wp\/v2\/posts\/9727"}],"collection":[{"href":"https:\/\/blog.polityka.pl\/adamczewski\/wp-json\/wp\/v2\/posts"}],"about":[{"href":"https:\/\/blog.polityka.pl\/adamczewski\/wp-json\/wp\/v2\/types\/post"}],"author":[{"embeddable":true,"href":"https:\/\/blog.polityka.pl\/adamczewski\/wp-json\/wp\/v2\/users\/2"}],"replies":[{"embeddable":true,"href":"https:\/\/blog.polityka.pl\/adamczewski\/wp-json\/wp\/v2\/comments?post=9727"}],"version-history":[{"count":0,"href":"https:\/\/blog.polityka.pl\/adamczewski\/wp-json\/wp\/v2\/posts\/9727\/revisions"}],"wp:attachment":[{"href":"https:\/\/blog.polityka.pl\/adamczewski\/wp-json\/wp\/v2\/media?parent=9727"}],"wp:term":[{"taxonomy":"category","embeddable":true,"href":"https:\/\/blog.polityka.pl\/adamczewski\/wp-json\/wp\/v2\/categories?post=9727"},{"taxonomy":"post_tag","embeddable":true,"href":"https:\/\/blog.polityka.pl\/adamczewski\/wp-json\/wp\/v2\/tags?post=9727"}],"curies":[{"name":"wp","href":"https:\/\/api.w.org\/{rel}","templated":true}]}}