
{"id":9736,"date":"2008-02-03T17:22:44","date_gmt":"2008-02-03T16:22:44","guid":{"rendered":"http:\/\/adamczewscy.pl\/?p=1799"},"modified":"2008-02-03T17:22:44","modified_gmt":"2008-02-03T16:22:44","slug":"swieze-sledzie-smazone-z-cebula","status":"publish","type":"post","link":"https:\/\/blog.polityka.pl\/adamczewski\/2008\/02\/03\/swieze-sledzie-smazone-z-cebula\/","title":{"rendered":"\u015awie\u017ce \u015bledzie sma\u017cone z cebul\u0105"},"content":{"rendered":"<p><em>(4 porcje)<br \/>\n4 du\u017ce \u015bledzie wypatroszone i bez kr\u0119gos\u0142upa, \u0142y\u017cka mas\u0142a i 3 \u0142y\u017cki oleju lub oliwy, \u0142y\u017cka m\u0105ki, du\u017ca cebula.<\/em><\/p>\n<p>1. \u015aledzie umy\u0107, osuszy\u0107 w papierowej \u015bciereczce, lekko posoli\u0107 i obsypa\u0107 m\u0105k\u0105.<br \/>\n2. Na patelni rozgrza\u0107 mas\u0142o z olejem lub oliw\u0105, usma\u017cy\u0107 na nim ryby z jednej strony, przewr\u00f3ci\u0107 na drug\u0105 i w\u00f3wczas na brzegu patelni u\u0142o\u017cy\u0107 cebul\u0119 posiekan\u0105 na drobne pi\u00f3rka.<br \/>\n3. W czasie sma\u017cenia kilka razy pomiesza\u0107 cebul\u0119, aby si\u0119 ca\u0142\u0105 zeszkli\u0142a.<\/p>\n<p>Podawa\u0107 sma\u017cone \u015bledzie z u\u0142o\u017con\u0105 na wierzchu cebul\u0105, z dodatkiem ziemniak\u00f3w z wody lub ugotowanej soczewicy.<\/p>\n","protected":false},"excerpt":{"rendered":"<p>(4 porcje) 4 du\u017ce \u015bledzie wypatroszone i bez kr\u0119gos\u0142upa, \u0142y\u017cka mas\u0142a i 3 \u0142y\u017cki oleju lub oliwy, \u0142y\u017cka m\u0105ki, du\u017ca cebula. 1. \u015aledzie umy\u0107, osuszy\u0107 w papierowej \u015bciereczce, lekko posoli\u0107 i obsypa\u0107 m\u0105k\u0105. 2. Na patelni rozgrza\u0107 mas\u0142o z olejem lub oliw\u0105, usma\u017cy\u0107 na nim ryby z jednej strony, przewr\u00f3ci\u0107 na drug\u0105 i w\u00f3wczas na [&hellip;]<\/p>\n","protected":false},"author":2,"featured_media":0,"comment_status":"open","ping_status":"open","sticky":false,"template":"","format":"standard","meta":{"footnotes":""},"categories":[1],"tags":[],"_links":{"self":[{"href":"https:\/\/blog.polityka.pl\/adamczewski\/wp-json\/wp\/v2\/posts\/9736"}],"collection":[{"href":"https:\/\/blog.polityka.pl\/adamczewski\/wp-json\/wp\/v2\/posts"}],"about":[{"href":"https:\/\/blog.polityka.pl\/adamczewski\/wp-json\/wp\/v2\/types\/post"}],"author":[{"embeddable":true,"href":"https:\/\/blog.polityka.pl\/adamczewski\/wp-json\/wp\/v2\/users\/2"}],"replies":[{"embeddable":true,"href":"https:\/\/blog.polityka.pl\/adamczewski\/wp-json\/wp\/v2\/comments?post=9736"}],"version-history":[{"count":0,"href":"https:\/\/blog.polityka.pl\/adamczewski\/wp-json\/wp\/v2\/posts\/9736\/revisions"}],"wp:attachment":[{"href":"https:\/\/blog.polityka.pl\/adamczewski\/wp-json\/wp\/v2\/media?parent=9736"}],"wp:term":[{"taxonomy":"category","embeddable":true,"href":"https:\/\/blog.polityka.pl\/adamczewski\/wp-json\/wp\/v2\/categories?post=9736"},{"taxonomy":"post_tag","embeddable":true,"href":"https:\/\/blog.polityka.pl\/adamczewski\/wp-json\/wp\/v2\/tags?post=9736"}],"curies":[{"name":"wp","href":"https:\/\/api.w.org\/{rel}","templated":true}]}}