
{"id":9737,"date":"2008-02-03T17:24:55","date_gmt":"2008-02-03T16:24:55","guid":{"rendered":"http:\/\/adamczewscy.pl\/?p=1800"},"modified":"2008-02-03T17:24:55","modified_gmt":"2008-02-03T16:24:55","slug":"nowe-przepisy-na-sledziowe-dania","status":"publish","type":"post","link":"https:\/\/blog.polityka.pl\/adamczewski\/2008\/02\/03\/nowe-przepisy-na-sledziowe-dania\/","title":{"rendered":"Nowe przepisy na \u015bledziowe dania"},"content":{"rendered":"<p>Jest jeszcze karnawa\u0142, my\u015blimy o dobrej zabawie ostatkowej, ale nie mo\u017cemy zapomnie\u0107 o smacznym popielcowym i postnym menu.<br \/>\nSymbolem polskiego postu zawsze by\u0142y \u015bledzie. Lubimy je i dzi\u015b, przyrz\u0105dzamy na r\u00f3\u017cne sposoby. Dobre potrawy ze \u015bledzi powinny jednak  zazwyczaj  mie\u0107 czas na   dojrzewanie, na przenikni\u0119cie si\u0119 smak\u00f3w, dzi\u0119ki czemu nasze popielcowe menu b\u0119dzie smakowite. Podajemy zatem 10 nowych  da\u0144 ze \u015bledzi. Smacznego postu!<\/p>\n<ul>\n<li><a HREF=\"http:\/\/adamczewscy.pl\/?p=1790\">Babka ziemniaczano-\u015bledziowa<\/a><\/li>\n<li><a HREF=\"http:\/\/adamczewscy.pl\/?p=1791\">Rolmopsy<\/a><\/li>\n<li><a HREF=\"http:\/\/adamczewscy.pl\/?p=1792\">Sma\u017cone \u015bledzie w marynacie<\/a><\/li>\n<li><a HREF=\"http:\/\/adamczewscy.pl\/?p=1794\">\u015aledzie marynowane w sosie \u017c\u00f3\u0142tkowym<\/a><\/li>\n<li><a HREF=\"http:\/\/adamczewscy.pl\/?p=1795\">\u015aledzie marynowane zwyczajnie<\/a><\/li>\n<li><a HREF=\"http:\/\/adamczewscy.pl\/?p=1796\">\u015aledzie po milanowsku<\/a><\/li>\n<li><a HREF=\"http:\/\/adamczewscy.pl\/?p=1793\">\u015aledzie podpiekane i marynowane<\/a><\/li>\n<li><a HREF=\"http:\/\/adamczewscy.pl\/?p=1797\">\u015aledzie solone sma\u017cone w cie\u015bcie<\/a><\/li>\n<li><a HREF=\"http:\/\/adamczewscy.pl\/?p=1798\">\u015aledzie w \u015bmietanie<\/a><\/li>\n<li><a HREF=\"http:\/\/adamczewscy.pl\/?p=1799\">\u015awie\u017ce \u015bledzie sma\u017cone z cebul\u0105<\/a><\/li>\n<\/ul>\n","protected":false},"excerpt":{"rendered":"<p>Jest jeszcze karnawa\u0142, my\u015blimy o dobrej zabawie ostatkowej, ale nie mo\u017cemy zapomnie\u0107 o smacznym popielcowym i postnym menu. Symbolem polskiego postu zawsze by\u0142y \u015bledzie. Lubimy je i dzi\u015b, przyrz\u0105dzamy na r\u00f3\u017cne sposoby. Dobre potrawy ze \u015bledzi powinny jednak zazwyczaj mie\u0107 czas na dojrzewanie, na przenikni\u0119cie si\u0119 smak\u00f3w, dzi\u0119ki czemu nasze popielcowe menu b\u0119dzie smakowite. Podajemy [&hellip;]<\/p>\n","protected":false},"author":2,"featured_media":0,"comment_status":"open","ping_status":"open","sticky":false,"template":"","format":"standard","meta":{"footnotes":""},"categories":[1],"tags":[],"_links":{"self":[{"href":"https:\/\/blog.polityka.pl\/adamczewski\/wp-json\/wp\/v2\/posts\/9737"}],"collection":[{"href":"https:\/\/blog.polityka.pl\/adamczewski\/wp-json\/wp\/v2\/posts"}],"about":[{"href":"https:\/\/blog.polityka.pl\/adamczewski\/wp-json\/wp\/v2\/types\/post"}],"author":[{"embeddable":true,"href":"https:\/\/blog.polityka.pl\/adamczewski\/wp-json\/wp\/v2\/users\/2"}],"replies":[{"embeddable":true,"href":"https:\/\/blog.polityka.pl\/adamczewski\/wp-json\/wp\/v2\/comments?post=9737"}],"version-history":[{"count":0,"href":"https:\/\/blog.polityka.pl\/adamczewski\/wp-json\/wp\/v2\/posts\/9737\/revisions"}],"wp:attachment":[{"href":"https:\/\/blog.polityka.pl\/adamczewski\/wp-json\/wp\/v2\/media?parent=9737"}],"wp:term":[{"taxonomy":"category","embeddable":true,"href":"https:\/\/blog.polityka.pl\/adamczewski\/wp-json\/wp\/v2\/categories?post=9737"},{"taxonomy":"post_tag","embeddable":true,"href":"https:\/\/blog.polityka.pl\/adamczewski\/wp-json\/wp\/v2\/tags?post=9737"}],"curies":[{"name":"wp","href":"https:\/\/api.w.org\/{rel}","templated":true}]}}