
{"id":9738,"date":"2008-02-03T17:46:33","date_gmt":"2008-02-03T16:46:33","guid":{"rendered":"http:\/\/adamczewscy.pl\/?p=1801"},"modified":"2008-02-03T17:46:33","modified_gmt":"2008-02-03T16:46:33","slug":"paczki-gospodarskie","status":"publish","type":"post","link":"https:\/\/blog.polityka.pl\/adamczewski\/2008\/02\/03\/paczki-gospodarskie\/","title":{"rendered":"P\u0105czki gospodarskie"},"content":{"rendered":"<p><a href=\"http:\/\/adamczewscy.pl\/wp-content\/uploads\/2009\/02\/paczki.jpg\"><img loading=\"lazy\" decoding=\"async\" src=\"http:\/\/adamczewscy.pl\/wp-content\/uploads\/2009\/02\/paczki.jpg\" alt=\"\" title=\"OLYMPUS DIGITAL CAMERA\" width=\"400\" height=\"299\" class=\"alignnone size-full wp-image-3858\" \/><\/a><\/p>\n<p><em>4 szklanki m\u0105ki, 2 szklanki mleka, 4 dag dro\u017cd\u017cy, 7 \u0142y\u017cek mas\u0142a (15 dag), ? szklanki cukru, 7 \u017c\u00f3\u0142tek, 3 ca\u0142e jaja, \u0142y\u017ceczka soli, kieliszek rumu lub spirytusu, nieco startej na tarce, uprzednio sparzonej cytrynowej sk\u00f3rki. Do nadziewania p\u0105czk\u00f3w: s\u0142oiczek konfitur lub marmolady.<br \/>\nDo sma\u017cenia: 50 dag smalcu. Do posypywania: ? szklanki cukru-pudru.<\/em><\/p>\n<p>1. Szklank\u0119 m\u0105ki rozczyni\u0107 z ciep\u0142ym mlekiem i dro\u017cd\u017cami. Odstawi\u0107 na godzin\u0119, aby dro\u017cd\u017ce podros\u0142y.<br \/>\n2. Ubi\u0107 \u017c\u00f3\u0142tka i ca\u0142e jaja z cukrem, doda\u0107 cytrynow\u0105 sk\u00f3rk\u0119.<br \/>\n3. Wla\u0107 do podro\u015bni\u0119tego ciasta ubite jajka i \u017c\u00f3\u0142tka, doda\u0107 s\u00f3l, rum lub spirytus i pozosta\u0142\u0105 m\u0105k\u0119, wyrobi\u0107 ciasto. Odstawi\u0107 na 30 minut, aby ciasto lekko wyros\u0142o.<br \/>\n4. Rozpu\u015bci\u0107 mas\u0142o i ciep\u0142e wla\u0107 do ciasta i tak d\u0142ugo miesi\u0107, a\u017c ciasto po\u0142\u0105czy si\u0119 z mas\u0142em. Nakry\u0107 ciasto serwetk\u0105 i odstawi\u0107, aby wyros\u0142o.<br \/>\n5. Nabiera\u0107 \u0142y\u017ck\u0105 k\u0119sy wyro\u015bni\u0119tego ciasta rozmiar\u00f3w mandarynki, um\u0105czon\u0105 d\u0142oni\u0105 formowa\u0107 placuszek i, k\u0142a\u015b\u0107 na \u015brodku \u0142y\u017ceczk\u0119 konfitury lub marmolady starannie zlepia\u0107 formuj\u0105c okr\u0105g\u0142y p\u0105czek, uk\u0142ada\u0107 na posypanej m\u0105k\u0105 czystej \u015bciereczce. Po oko\u0142o 30-45 minutach p\u0105czki s\u0105 dostatecznie wyro\u015bni\u0119te i nale\u017cy je sma\u017cy\u0107.<br \/>\n6. Smalec rozgrza\u0107. Warto wrzuci\u0107 kawa\u0142ek ciasta :je\u015bli sma\u017cy si\u0119 rumieni\u0105c lekko, temperatura jest odpowiednia. Wk\u0142ada\u0107 do t\u0142uszczu po kilka p\u0105czk\u00f3w i sma\u017cy\u0107 na niezbyt gwa\u0142townym ogniu, aby nie spali\u0142y si\u0119 z wierzchu pozostaj\u0105c surowe wewn\u0105trz. Zbyt powolne sma\u017cenie mo\u017ce spowodowa\u0107, \u017ce zbyt nasi\u0105kn\u0105 t\u0142uszczem. Z jednej strony sma\u017cy\u0107 p\u0105czki pod przykryciem, przewr\u00f3ci\u0107 przy pomocy d\u0142ugiego widelca na drug\u0105 stron\u0119 i sma\u017cy\u0107 ju\u017c bez przykrycia. Jak zapewniaj\u0105 stare gospodynie, tylko wtedy p\u0105czek b\u0119dzie mia\u0142 pi\u0119kn\u0105 jasn\u0105 obw\u00f3dk\u0119.<br \/>\n7. Usma\u017cone p\u0105czki uk\u0142ada\u0107 na kuchennej papierowej \u015bciereczce, aby usun\u0105\u0107 nadmiar t\u0142uszczu. Posypywa\u0107 przez sitko cukrem pudrem.<\/p>\n<p>Z tej ilo\u015bci sk\u0142adnik\u00f3w powinno wyj\u015b\u0107 oko\u0142o 30 p\u0105czk\u00f3w. Oczywi\u015bcie mo\u017cna podzieli\u0107 proporcje, je\u015bli nie ma potrzeby przygotowywania takiej du\u017cej ilo\u015bci p\u0105czk\u00f3w.<\/p>\n","protected":false},"excerpt":{"rendered":"<p>4 szklanki m\u0105ki, 2 szklanki mleka, 4 dag dro\u017cd\u017cy, 7 \u0142y\u017cek mas\u0142a (15 dag), ? szklanki cukru, 7 \u017c\u00f3\u0142tek, 3 ca\u0142e jaja, \u0142y\u017ceczka soli, kieliszek rumu lub spirytusu, nieco startej na tarce, uprzednio sparzonej cytrynowej sk\u00f3rki. Do nadziewania p\u0105czk\u00f3w: s\u0142oiczek konfitur lub marmolady. Do sma\u017cenia: 50 dag smalcu. Do posypywania: ? szklanki cukru-pudru. 1. Szklank\u0119 [&hellip;]<\/p>\n","protected":false},"author":2,"featured_media":0,"comment_status":"open","ping_status":"open","sticky":false,"template":"","format":"standard","meta":{"footnotes":""},"categories":[1],"tags":[],"_links":{"self":[{"href":"https:\/\/blog.polityka.pl\/adamczewski\/wp-json\/wp\/v2\/posts\/9738"}],"collection":[{"href":"https:\/\/blog.polityka.pl\/adamczewski\/wp-json\/wp\/v2\/posts"}],"about":[{"href":"https:\/\/blog.polityka.pl\/adamczewski\/wp-json\/wp\/v2\/types\/post"}],"author":[{"embeddable":true,"href":"https:\/\/blog.polityka.pl\/adamczewski\/wp-json\/wp\/v2\/users\/2"}],"replies":[{"embeddable":true,"href":"https:\/\/blog.polityka.pl\/adamczewski\/wp-json\/wp\/v2\/comments?post=9738"}],"version-history":[{"count":0,"href":"https:\/\/blog.polityka.pl\/adamczewski\/wp-json\/wp\/v2\/posts\/9738\/revisions"}],"wp:attachment":[{"href":"https:\/\/blog.polityka.pl\/adamczewski\/wp-json\/wp\/v2\/media?parent=9738"}],"wp:term":[{"taxonomy":"category","embeddable":true,"href":"https:\/\/blog.polityka.pl\/adamczewski\/wp-json\/wp\/v2\/categories?post=9738"},{"taxonomy":"post_tag","embeddable":true,"href":"https:\/\/blog.polityka.pl\/adamczewski\/wp-json\/wp\/v2\/tags?post=9738"}],"curies":[{"name":"wp","href":"https:\/\/api.w.org\/{rel}","templated":true}]}}