
{"id":9740,"date":"2008-02-03T17:49:13","date_gmt":"2008-02-03T16:49:13","guid":{"rendered":"http:\/\/adamczewscy.pl\/?p=1803"},"modified":"2008-02-03T17:49:13","modified_gmt":"2008-02-03T16:49:13","slug":"surowka-pomaranczowo-oliwkowa","status":"publish","type":"post","link":"https:\/\/blog.polityka.pl\/adamczewski\/2008\/02\/03\/surowka-pomaranczowo-oliwkowa\/","title":{"rendered":"Sur\u00f3wka pomara\u0144czowo-oliwkowa"},"content":{"rendered":"<p><em>4 du\u017ce pomara\u0144cze, ? szklanki zielonych krojonych w plasterki oliwek, 4 \u0142y\u017cki posiekanego drobno szczypiorku.<br \/>\n<em>Na sos: 5 \u0142y\u017cek oleju z pestek winogron, 2 \u0142y\u017cki octu balsamicznego, \u0142y\u017cka miodu, szczypta soli i szczypta pieprzu.<\/em><\/p>\n<p><\/em>1. Sk\u0142adniki sosu umie\u015bci\u0107 w s\u0142oiczku typu twist, zakr\u0119ci\u0107 i zmiksowa\u0107.<br \/>\n2. Pomara\u0144cze obra\u0107, pokroi\u0107 na p\u00f3\u0142centymetrowe plastry, a nast\u0119pnie pokroi\u0107 w kostk\u0119.<br \/>\n3. Doda\u0107 posiekany szczypiorek i sos, wymiesza\u0107 dok\u0142adnie i ozi\u0119bi\u0107 sur\u00f3wk\u0119.<em><\/p>\n<p><\/em><\/p>\n","protected":false},"excerpt":{"rendered":"<p>4 du\u017ce pomara\u0144cze, ? szklanki zielonych krojonych w plasterki oliwek, 4 \u0142y\u017cki posiekanego drobno szczypiorku. Na sos: 5 \u0142y\u017cek oleju z pestek winogron, 2 \u0142y\u017cki octu balsamicznego, \u0142y\u017cka miodu, szczypta soli i szczypta pieprzu. 1. Sk\u0142adniki sosu umie\u015bci\u0107 w s\u0142oiczku typu twist, zakr\u0119ci\u0107 i zmiksowa\u0107. 2. Pomara\u0144cze obra\u0107, pokroi\u0107 na p\u00f3\u0142centymetrowe plastry, a nast\u0119pnie pokroi\u0107 [&hellip;]<\/p>\n","protected":false},"author":2,"featured_media":0,"comment_status":"open","ping_status":"open","sticky":false,"template":"","format":"standard","meta":{"footnotes":""},"categories":[1],"tags":[],"_links":{"self":[{"href":"https:\/\/blog.polityka.pl\/adamczewski\/wp-json\/wp\/v2\/posts\/9740"}],"collection":[{"href":"https:\/\/blog.polityka.pl\/adamczewski\/wp-json\/wp\/v2\/posts"}],"about":[{"href":"https:\/\/blog.polityka.pl\/adamczewski\/wp-json\/wp\/v2\/types\/post"}],"author":[{"embeddable":true,"href":"https:\/\/blog.polityka.pl\/adamczewski\/wp-json\/wp\/v2\/users\/2"}],"replies":[{"embeddable":true,"href":"https:\/\/blog.polityka.pl\/adamczewski\/wp-json\/wp\/v2\/comments?post=9740"}],"version-history":[{"count":0,"href":"https:\/\/blog.polityka.pl\/adamczewski\/wp-json\/wp\/v2\/posts\/9740\/revisions"}],"wp:attachment":[{"href":"https:\/\/blog.polityka.pl\/adamczewski\/wp-json\/wp\/v2\/media?parent=9740"}],"wp:term":[{"taxonomy":"category","embeddable":true,"href":"https:\/\/blog.polityka.pl\/adamczewski\/wp-json\/wp\/v2\/categories?post=9740"},{"taxonomy":"post_tag","embeddable":true,"href":"https:\/\/blog.polityka.pl\/adamczewski\/wp-json\/wp\/v2\/tags?post=9740"}],"curies":[{"name":"wp","href":"https:\/\/api.w.org\/{rel}","templated":true}]}}