
{"id":9742,"date":"2008-02-03T17:51:41","date_gmt":"2008-02-03T16:51:41","guid":{"rendered":"http:\/\/adamczewscy.pl\/?p=1805"},"modified":"2008-02-03T17:51:41","modified_gmt":"2008-02-03T16:51:41","slug":"makaron-zapiekany-z-trzema-serami","status":"publish","type":"post","link":"https:\/\/blog.polityka.pl\/adamczewski\/2008\/02\/03\/makaron-zapiekany-z-trzema-serami\/","title":{"rendered":"Makaron zapiekany z trzema serami"},"content":{"rendered":"<p><em>(4 porcje)<\/p>\n<p>Paczka 400 gramowa makaronu fettucine, 30 dag sera ricotta, 15 dag startej mozzarelli, 10 dag startego parmezanu, 3 jajka, kostka bulionu warzywnego, s\u00f3l, gar\u015b\u0107 listk\u00f3w bazylii, pieprz, 2 \u0142y\u017cki oleju do wysmarowania \u017caroodpornego naczynia.<\/em><\/p>\n<p>1. Ugotowa\u0107 makaron fettucine w wodzie z kostk\u0105 bulionu warzywnego. Odcedzi\u0107 kiedy s\u0105 jeszcze do\u015b\u0107 twarde.<br \/>\n2. Ricott\u0119 zmiksowa\u0107 z jajkami i odrobin\u0105 soli oraz pieprzu, doda\u0107 kilka poszarpanych listk\u00f3w bazylii.<br \/>\n3. W wysmarowanym olejem naczyniu \u017caroodpornym u\u0142o\u017cy\u0107 po\u0142ow\u0119 makaronu, na nim warstw\u0119 ricotty,  reszt\u0119 listk\u00f3w bazylii, posypa\u0107 po\u0142ow\u0105 mozzarelli i parmezanu, przykry\u0107 drug\u0105 warstw\u0105 makaronu. Zn\u00f3w u\u0142o\u017cy\u0107 warstw\u0119 ricotty, mozzarelli i parmezanu, kt\u00f3ry powinien stanowi\u0107 ostatni\u0105 warstw\u0119.<br \/>\n4. Zapiekac w temperaturze 180 st C oko\u0142o 20-30 minut.<\/p>\n<p>Pachn\u0105ce danie postne lub jak wol\u0105 niekt\u00f3rzy wegetaria\u0144skie jest zarazem przyk\u0142adem prostej w\u0142oskiej kuchni, zarazem wyrafinowanej w smaku. Polecam szczeg\u00f3lnie gor\u0105co!<\/p>\n","protected":false},"excerpt":{"rendered":"<p>(4 porcje) Paczka 400 gramowa makaronu fettucine, 30 dag sera ricotta, 15 dag startej mozzarelli, 10 dag startego parmezanu, 3 jajka, kostka bulionu warzywnego, s\u00f3l, gar\u015b\u0107 listk\u00f3w bazylii, pieprz, 2 \u0142y\u017cki oleju do wysmarowania \u017caroodpornego naczynia. 1. Ugotowa\u0107 makaron fettucine w wodzie z kostk\u0105 bulionu warzywnego. Odcedzi\u0107 kiedy s\u0105 jeszcze do\u015b\u0107 twarde. 2. Ricott\u0119 zmiksowa\u0107 [&hellip;]<\/p>\n","protected":false},"author":2,"featured_media":0,"comment_status":"open","ping_status":"open","sticky":false,"template":"","format":"standard","meta":{"footnotes":""},"categories":[1],"tags":[],"_links":{"self":[{"href":"https:\/\/blog.polityka.pl\/adamczewski\/wp-json\/wp\/v2\/posts\/9742"}],"collection":[{"href":"https:\/\/blog.polityka.pl\/adamczewski\/wp-json\/wp\/v2\/posts"}],"about":[{"href":"https:\/\/blog.polityka.pl\/adamczewski\/wp-json\/wp\/v2\/types\/post"}],"author":[{"embeddable":true,"href":"https:\/\/blog.polityka.pl\/adamczewski\/wp-json\/wp\/v2\/users\/2"}],"replies":[{"embeddable":true,"href":"https:\/\/blog.polityka.pl\/adamczewski\/wp-json\/wp\/v2\/comments?post=9742"}],"version-history":[{"count":0,"href":"https:\/\/blog.polityka.pl\/adamczewski\/wp-json\/wp\/v2\/posts\/9742\/revisions"}],"wp:attachment":[{"href":"https:\/\/blog.polityka.pl\/adamczewski\/wp-json\/wp\/v2\/media?parent=9742"}],"wp:term":[{"taxonomy":"category","embeddable":true,"href":"https:\/\/blog.polityka.pl\/adamczewski\/wp-json\/wp\/v2\/categories?post=9742"},{"taxonomy":"post_tag","embeddable":true,"href":"https:\/\/blog.polityka.pl\/adamczewski\/wp-json\/wp\/v2\/tags?post=9742"}],"curies":[{"name":"wp","href":"https:\/\/api.w.org\/{rel}","templated":true}]}}