
{"id":9746,"date":"2008-02-10T16:32:02","date_gmt":"2008-02-10T15:32:02","guid":{"rendered":"http:\/\/adamczewscy.pl\/?p=1845"},"modified":"2008-02-10T16:32:02","modified_gmt":"2008-02-10T15:32:02","slug":"jajka-zapiekane-w-pomidorach","status":"publish","type":"post","link":"https:\/\/blog.polityka.pl\/adamczewski\/2008\/02\/10\/jajka-zapiekane-w-pomidorach\/","title":{"rendered":"Jajka zapiekane w pomidorach"},"content":{"rendered":"<p><em>(4 porcje)<br \/>\n8 \u015brednich pomidor\u00f3w, 8 jaj na twardo, \u0142y\u017cka koncentratu pomidorowego, p\u00f3\u0142 szklanki roso\u0142u (mo\u017ce by\u0107 z kostki) 3 &#8211; 4 \u0142y\u017cki oliwy, z\u0105bek czosnku, s\u00f3l, pieprz.<\/em><\/p>\n<p>1. Pomidory przygotowa\u0107 \u015bcinaj\u0105c im czubki i wydr\u0105\u017caj\u0105c m mi\u0105\u017csz, lekko posoli\u0107 wn\u0119trza.<br \/>\n2. Rozgrza\u0107 oliw\u0119, doda\u0107 do niej przeci\u015bni\u0119ty przez prask\u0119 z\u0105bek czosnku,  mi\u0105\u017csz pomidor\u00f3w,  ros\u00f3\u0142 i dusi\u0107, a\u017c sos zacznie g\u0119stnie\u0107.<br \/>\n3. W ka\u017cdy pomidor w\u0142o\u017cy\u0107 w ca\u0142o\u015bci jajko na twardo, pomidory ustawi\u0107 w naczyniu \u017caroodpornym, zala\u0107 sosem i dusi\u0107 pod przykryciem co najmniej 5 minut.<\/p>\n","protected":false},"excerpt":{"rendered":"<p>(4 porcje) 8 \u015brednich pomidor\u00f3w, 8 jaj na twardo, \u0142y\u017cka koncentratu pomidorowego, p\u00f3\u0142 szklanki roso\u0142u (mo\u017ce by\u0107 z kostki) 3 &#8211; 4 \u0142y\u017cki oliwy, z\u0105bek czosnku, s\u00f3l, pieprz. 1. Pomidory przygotowa\u0107 \u015bcinaj\u0105c im czubki i wydr\u0105\u017caj\u0105c m mi\u0105\u017csz, lekko posoli\u0107 wn\u0119trza. 2. Rozgrza\u0107 oliw\u0119, doda\u0107 do niej przeci\u015bni\u0119ty przez prask\u0119 z\u0105bek czosnku, mi\u0105\u017csz pomidor\u00f3w, ros\u00f3\u0142 [&hellip;]<\/p>\n","protected":false},"author":2,"featured_media":0,"comment_status":"open","ping_status":"open","sticky":false,"template":"","format":"standard","meta":{"footnotes":""},"categories":[1],"tags":[],"_links":{"self":[{"href":"https:\/\/blog.polityka.pl\/adamczewski\/wp-json\/wp\/v2\/posts\/9746"}],"collection":[{"href":"https:\/\/blog.polityka.pl\/adamczewski\/wp-json\/wp\/v2\/posts"}],"about":[{"href":"https:\/\/blog.polityka.pl\/adamczewski\/wp-json\/wp\/v2\/types\/post"}],"author":[{"embeddable":true,"href":"https:\/\/blog.polityka.pl\/adamczewski\/wp-json\/wp\/v2\/users\/2"}],"replies":[{"embeddable":true,"href":"https:\/\/blog.polityka.pl\/adamczewski\/wp-json\/wp\/v2\/comments?post=9746"}],"version-history":[{"count":0,"href":"https:\/\/blog.polityka.pl\/adamczewski\/wp-json\/wp\/v2\/posts\/9746\/revisions"}],"wp:attachment":[{"href":"https:\/\/blog.polityka.pl\/adamczewski\/wp-json\/wp\/v2\/media?parent=9746"}],"wp:term":[{"taxonomy":"category","embeddable":true,"href":"https:\/\/blog.polityka.pl\/adamczewski\/wp-json\/wp\/v2\/categories?post=9746"},{"taxonomy":"post_tag","embeddable":true,"href":"https:\/\/blog.polityka.pl\/adamczewski\/wp-json\/wp\/v2\/tags?post=9746"}],"curies":[{"name":"wp","href":"https:\/\/api.w.org\/{rel}","templated":true}]}}