
{"id":9747,"date":"2008-02-10T19:01:14","date_gmt":"2008-02-10T18:01:14","guid":{"rendered":"http:\/\/adamczewscy.pl\/?p=1846"},"modified":"2008-02-10T19:01:14","modified_gmt":"2008-02-10T18:01:14","slug":"gulasz-z-selerem","status":"publish","type":"post","link":"https:\/\/blog.polityka.pl\/adamczewski\/2008\/02\/10\/gulasz-z-selerem\/","title":{"rendered":"Gulasz z selerem"},"content":{"rendered":"<p><em>(6 porcji)<\/p>\n<p>50 dag mi\u0119sa wieprzowego bez ko\u015bci, 3 \u015brednie cebule, paczka selera naciowego (p\u00f3\u0142 kg), \u0142y\u017cka mas\u0142a, 2 \u0142y\u017cki mas\u0142a, s\u00f3l, pieprz.<\/em><\/p>\n<p>1. Mi\u0119so pokroi\u0107 w 2-3 centymetrow\u0105 kostk\u0119.<br \/>\n2. Cebul\u0119 posieka\u0107, poddusi\u0107 chwil\u0119 na \u0142y\u017cce mas\u0142a, doda\u0107 pokrojone mi\u0119so oraz ? szklanki wody i dusi\u0107 razem na ma\u0142ym ogniu,  pod przykryciem oko\u0142o 15 minut.<br \/>\n3. \u0141odygi selera pokroi\u0107 w kilkucentymetrowe kawa\u0142ki i doda\u0107 do mi\u0119sa, w miar\u0119 potrzeby dola\u0107 wody i dusi\u0107 nadal, a\u017c wszystkie sk\u0142adniki stan\u0105 si\u0119 mi\u0119kkie Doprawi\u0107 sol\u0105 i pieprzem.<br \/>\n4. Z \u0142y\u017cki mas\u0142a i \u0142y\u017cki m\u0105ki przygotowa\u0107 zasma\u017ck\u0119, doda\u0107 do dusz\u0105cego si\u0119 mi\u0119sa i zagotowa\u0107 wszystko razem.<\/p>\n<p>Gulasz doskonale smakuje podawany z ry\u017cem na sypko, kasz\u0105 gryczan\u0105 lub per\u0142ow\u0105 czy z kopytkami.<\/p>\n","protected":false},"excerpt":{"rendered":"<p>(6 porcji) 50 dag mi\u0119sa wieprzowego bez ko\u015bci, 3 \u015brednie cebule, paczka selera naciowego (p\u00f3\u0142 kg), \u0142y\u017cka mas\u0142a, 2 \u0142y\u017cki mas\u0142a, s\u00f3l, pieprz. 1. Mi\u0119so pokroi\u0107 w 2-3 centymetrow\u0105 kostk\u0119. 2. Cebul\u0119 posieka\u0107, poddusi\u0107 chwil\u0119 na \u0142y\u017cce mas\u0142a, doda\u0107 pokrojone mi\u0119so oraz ? szklanki wody i dusi\u0107 razem na ma\u0142ym ogniu, pod przykryciem oko\u0142o 15 [&hellip;]<\/p>\n","protected":false},"author":2,"featured_media":0,"comment_status":"open","ping_status":"open","sticky":false,"template":"","format":"standard","meta":{"footnotes":""},"categories":[1],"tags":[],"_links":{"self":[{"href":"https:\/\/blog.polityka.pl\/adamczewski\/wp-json\/wp\/v2\/posts\/9747"}],"collection":[{"href":"https:\/\/blog.polityka.pl\/adamczewski\/wp-json\/wp\/v2\/posts"}],"about":[{"href":"https:\/\/blog.polityka.pl\/adamczewski\/wp-json\/wp\/v2\/types\/post"}],"author":[{"embeddable":true,"href":"https:\/\/blog.polityka.pl\/adamczewski\/wp-json\/wp\/v2\/users\/2"}],"replies":[{"embeddable":true,"href":"https:\/\/blog.polityka.pl\/adamczewski\/wp-json\/wp\/v2\/comments?post=9747"}],"version-history":[{"count":0,"href":"https:\/\/blog.polityka.pl\/adamczewski\/wp-json\/wp\/v2\/posts\/9747\/revisions"}],"wp:attachment":[{"href":"https:\/\/blog.polityka.pl\/adamczewski\/wp-json\/wp\/v2\/media?parent=9747"}],"wp:term":[{"taxonomy":"category","embeddable":true,"href":"https:\/\/blog.polityka.pl\/adamczewski\/wp-json\/wp\/v2\/categories?post=9747"},{"taxonomy":"post_tag","embeddable":true,"href":"https:\/\/blog.polityka.pl\/adamczewski\/wp-json\/wp\/v2\/tags?post=9747"}],"curies":[{"name":"wp","href":"https:\/\/api.w.org\/{rel}","templated":true}]}}