
{"id":9748,"date":"2008-02-10T19:03:14","date_gmt":"2008-02-10T18:03:14","guid":{"rendered":"http:\/\/adamczewscy.pl\/?p=1847"},"modified":"2008-02-10T19:03:14","modified_gmt":"2008-02-10T18:03:14","slug":"deserowy-kuskus","status":"publish","type":"post","link":"https:\/\/blog.polityka.pl\/adamczewski\/2008\/02\/10\/deserowy-kuskus\/","title":{"rendered":"Deserowy kuskus"},"content":{"rendered":"<p><em>Kasza kuskus b\u0142yskawiczna, w proporcji podanej na opakowaniu, po gar\u015bci rodzynek dla ka\u017cdej osoby, po \u0142y\u017cce migda\u0142\u00f3w w plasterkach dla ka\u017cdej osoby, po p\u00f3\u0142 \u0142y\u017ceczki mas\u0142a i  po \u0142y\u017cce cukru pudru, szczypta soli.<\/em><\/p>\n<p>1. Odmierzy\u0107  porcj\u0119 kaszy, zala\u0107 odmierzon\u0105 ilo\u015bci\u0105 wrz\u0105cej wody, doda\u0107 szczypt\u0119 soli, wymiesza\u0107 i odstawi\u0107, aby kasza sp\u0119cznia\u0142a.<br \/>\n2. Gor\u0105c\u0105 gotow\u0105 kasz\u0119 wymiesza\u0107 z rodzynkami, migda\u0142ami i mas\u0142em oraz cukrem.<\/p>\n<p>Podawa\u0107 od razu.<br \/>\nPodobn\u0105 potraw\u0119 podaje si\u0119 w czasie ramadanu w krajach muzu\u0142ma\u0144skich.<\/p>\n","protected":false},"excerpt":{"rendered":"<p>Kasza kuskus b\u0142yskawiczna, w proporcji podanej na opakowaniu, po gar\u015bci rodzynek dla ka\u017cdej osoby, po \u0142y\u017cce migda\u0142\u00f3w w plasterkach dla ka\u017cdej osoby, po p\u00f3\u0142 \u0142y\u017ceczki mas\u0142a i po \u0142y\u017cce cukru pudru, szczypta soli. 1. Odmierzy\u0107 porcj\u0119 kaszy, zala\u0107 odmierzon\u0105 ilo\u015bci\u0105 wrz\u0105cej wody, doda\u0107 szczypt\u0119 soli, wymiesza\u0107 i odstawi\u0107, aby kasza sp\u0119cznia\u0142a. 2. Gor\u0105c\u0105 gotow\u0105 kasz\u0119 [&hellip;]<\/p>\n","protected":false},"author":2,"featured_media":0,"comment_status":"open","ping_status":"open","sticky":false,"template":"","format":"standard","meta":{"footnotes":""},"categories":[1],"tags":[],"_links":{"self":[{"href":"https:\/\/blog.polityka.pl\/adamczewski\/wp-json\/wp\/v2\/posts\/9748"}],"collection":[{"href":"https:\/\/blog.polityka.pl\/adamczewski\/wp-json\/wp\/v2\/posts"}],"about":[{"href":"https:\/\/blog.polityka.pl\/adamczewski\/wp-json\/wp\/v2\/types\/post"}],"author":[{"embeddable":true,"href":"https:\/\/blog.polityka.pl\/adamczewski\/wp-json\/wp\/v2\/users\/2"}],"replies":[{"embeddable":true,"href":"https:\/\/blog.polityka.pl\/adamczewski\/wp-json\/wp\/v2\/comments?post=9748"}],"version-history":[{"count":0,"href":"https:\/\/blog.polityka.pl\/adamczewski\/wp-json\/wp\/v2\/posts\/9748\/revisions"}],"wp:attachment":[{"href":"https:\/\/blog.polityka.pl\/adamczewski\/wp-json\/wp\/v2\/media?parent=9748"}],"wp:term":[{"taxonomy":"category","embeddable":true,"href":"https:\/\/blog.polityka.pl\/adamczewski\/wp-json\/wp\/v2\/categories?post=9748"},{"taxonomy":"post_tag","embeddable":true,"href":"https:\/\/blog.polityka.pl\/adamczewski\/wp-json\/wp\/v2\/tags?post=9748"}],"curies":[{"name":"wp","href":"https:\/\/api.w.org\/{rel}","templated":true}]}}