
{"id":9749,"date":"2008-02-10T19:05:19","date_gmt":"2008-02-10T18:05:19","guid":{"rendered":"http:\/\/adamczewscy.pl\/?p=1848"},"modified":"2008-02-10T19:05:19","modified_gmt":"2008-02-10T18:05:19","slug":"portugalska-szybka-zupa-z-kapusty","status":"publish","type":"post","link":"https:\/\/blog.polityka.pl\/adamczewski\/2008\/02\/10\/portugalska-szybka-zupa-z-kapusty\/","title":{"rendered":"Portugalska szybka zupa z kapusty"},"content":{"rendered":"<p><em>(4 porcje)<\/p>\n<p>\u0106wiartka w\u0142oskiej \u015bredniej kapusty, 3 szklanki roso\u0142u (mo\u017ce by\u0107 z kostki), 4 \u015brednie ziemniaki, s\u00f3l i pieprz.<\/em><br \/>\n1. Ziemniaki obra\u0107, pokroi\u0107 w plasterki, ugotowa\u0107 w szklance wody z odrobin\u0105 soli. Ostudzi\u0107, zmiksowa\u0107.<br \/>\n2. Kapust\u0119 poszatkowa\u0107 w drobne pi\u00f3rka.<br \/>\n3. Do ziemniak\u00f3w doda\u0107 kapust\u0119 i ros\u00f3\u0142, zagotowa\u0107 i od momentu wrzenia gotowa\u0107 3 minuty w tym czasie doprawi\u0107 do smaku sol\u0105 i pieprzem.<\/p>\n<p>Zup\u0119 t\u0119 mo\u017cna podawa\u0107 z  kawa\u0142kiem chleba lub grzankami.<\/p>\n","protected":false},"excerpt":{"rendered":"<p>(4 porcje) \u0106wiartka w\u0142oskiej \u015bredniej kapusty, 3 szklanki roso\u0142u (mo\u017ce by\u0107 z kostki), 4 \u015brednie ziemniaki, s\u00f3l i pieprz. 1. Ziemniaki obra\u0107, pokroi\u0107 w plasterki, ugotowa\u0107 w szklance wody z odrobin\u0105 soli. Ostudzi\u0107, zmiksowa\u0107. 2. Kapust\u0119 poszatkowa\u0107 w drobne pi\u00f3rka. 3. Do ziemniak\u00f3w doda\u0107 kapust\u0119 i ros\u00f3\u0142, zagotowa\u0107 i od momentu wrzenia gotowa\u0107 3 minuty [&hellip;]<\/p>\n","protected":false},"author":2,"featured_media":0,"comment_status":"open","ping_status":"open","sticky":false,"template":"","format":"standard","meta":{"footnotes":""},"categories":[1],"tags":[],"_links":{"self":[{"href":"https:\/\/blog.polityka.pl\/adamczewski\/wp-json\/wp\/v2\/posts\/9749"}],"collection":[{"href":"https:\/\/blog.polityka.pl\/adamczewski\/wp-json\/wp\/v2\/posts"}],"about":[{"href":"https:\/\/blog.polityka.pl\/adamczewski\/wp-json\/wp\/v2\/types\/post"}],"author":[{"embeddable":true,"href":"https:\/\/blog.polityka.pl\/adamczewski\/wp-json\/wp\/v2\/users\/2"}],"replies":[{"embeddable":true,"href":"https:\/\/blog.polityka.pl\/adamczewski\/wp-json\/wp\/v2\/comments?post=9749"}],"version-history":[{"count":0,"href":"https:\/\/blog.polityka.pl\/adamczewski\/wp-json\/wp\/v2\/posts\/9749\/revisions"}],"wp:attachment":[{"href":"https:\/\/blog.polityka.pl\/adamczewski\/wp-json\/wp\/v2\/media?parent=9749"}],"wp:term":[{"taxonomy":"category","embeddable":true,"href":"https:\/\/blog.polityka.pl\/adamczewski\/wp-json\/wp\/v2\/categories?post=9749"},{"taxonomy":"post_tag","embeddable":true,"href":"https:\/\/blog.polityka.pl\/adamczewski\/wp-json\/wp\/v2\/tags?post=9749"}],"curies":[{"name":"wp","href":"https:\/\/api.w.org\/{rel}","templated":true}]}}