
{"id":9750,"date":"2008-02-10T19:06:05","date_gmt":"2008-02-10T18:06:05","guid":{"rendered":"http:\/\/adamczewscy.pl\/?p=1849"},"modified":"2008-02-10T19:06:05","modified_gmt":"2008-02-10T18:06:05","slug":"potrawa-z-porow-z-ryzem","status":"publish","type":"post","link":"https:\/\/blog.polityka.pl\/adamczewski\/2008\/02\/10\/potrawa-z-porow-z-ryzem\/","title":{"rendered":"Potrawa z por\u00f3w z ry\u017cem"},"content":{"rendered":"<p><em>(4 porcje)<br \/>\n1 kg por\u00f3w, woreczek ry\u017cu do gotowania, 5 \u015brednich mi\u0119sistych pomidor\u00f3w, p\u00f3\u0142 szklanki oliwy, p\u00f3\u0142 \u0142y\u017ceczki do kawy ostrej mielonej papryki, s\u00f3l, p\u00f3\u0142 cytryny.<\/em><br \/>\n1. Pory poprzekrawa\u0107 na po\u0142\u00f3wki, dok\u0142adnie wymy\u0107 zalegaj\u0105cy pomi\u0119dzy listkami piasek, odci\u0105\u0107 zielone cz\u0119\u015bci. Obgotowa\u0107 5-10 minut na osolonym wrz\u0105tku.<br \/>\n2. Pory odcedzi\u0107, pokroi\u0107 na paski.<br \/>\n3. Pomidory sparzy\u0107 i obra\u0107 ze sk\u00f3rki, pokroi\u0107 w kostk\u0119.<br \/>\n4. W garnku rozgrza\u0107 oliw\u0119, doda\u0107 pory i podsma\u017cy\u0107, doda\u0107 ry\u017c, pokrojone w kostk\u0119 pomidory.<br \/>\n5. Zala\u0107 potraw\u0119 wod\u0105 w takiej obj\u0119to\u015bci, aby by\u0142o jej dwa razy wi\u0119cej ni\u017c ry\u017cu, doda\u0107 s\u00f3l. Przykry\u0107 szczelnie pokrywk\u0105.<br \/>\n6. Potraw\u0119 wstawi\u0107 do gor\u0105cego piekarnika i wypieka\u0107 ry\u017c, a\u017c wch\u0142onie ca\u0142y p\u0142yn i b\u0119dzie mi\u0119kki.<br \/>\n7. Skropi\u0107 potraw\u0119 dla nadania jej  charakterystycznego smaku sokiem cytrynowym.<\/p>\n","protected":false},"excerpt":{"rendered":"<p>(4 porcje) 1 kg por\u00f3w, woreczek ry\u017cu do gotowania, 5 \u015brednich mi\u0119sistych pomidor\u00f3w, p\u00f3\u0142 szklanki oliwy, p\u00f3\u0142 \u0142y\u017ceczki do kawy ostrej mielonej papryki, s\u00f3l, p\u00f3\u0142 cytryny. 1. Pory poprzekrawa\u0107 na po\u0142\u00f3wki, dok\u0142adnie wymy\u0107 zalegaj\u0105cy pomi\u0119dzy listkami piasek, odci\u0105\u0107 zielone cz\u0119\u015bci. Obgotowa\u0107 5-10 minut na osolonym wrz\u0105tku. 2. Pory odcedzi\u0107, pokroi\u0107 na paski. 3. Pomidory sparzy\u0107 [&hellip;]<\/p>\n","protected":false},"author":2,"featured_media":0,"comment_status":"open","ping_status":"open","sticky":false,"template":"","format":"standard","meta":{"footnotes":""},"categories":[1],"tags":[],"_links":{"self":[{"href":"https:\/\/blog.polityka.pl\/adamczewski\/wp-json\/wp\/v2\/posts\/9750"}],"collection":[{"href":"https:\/\/blog.polityka.pl\/adamczewski\/wp-json\/wp\/v2\/posts"}],"about":[{"href":"https:\/\/blog.polityka.pl\/adamczewski\/wp-json\/wp\/v2\/types\/post"}],"author":[{"embeddable":true,"href":"https:\/\/blog.polityka.pl\/adamczewski\/wp-json\/wp\/v2\/users\/2"}],"replies":[{"embeddable":true,"href":"https:\/\/blog.polityka.pl\/adamczewski\/wp-json\/wp\/v2\/comments?post=9750"}],"version-history":[{"count":0,"href":"https:\/\/blog.polityka.pl\/adamczewski\/wp-json\/wp\/v2\/posts\/9750\/revisions"}],"wp:attachment":[{"href":"https:\/\/blog.polityka.pl\/adamczewski\/wp-json\/wp\/v2\/media?parent=9750"}],"wp:term":[{"taxonomy":"category","embeddable":true,"href":"https:\/\/blog.polityka.pl\/adamczewski\/wp-json\/wp\/v2\/categories?post=9750"},{"taxonomy":"post_tag","embeddable":true,"href":"https:\/\/blog.polityka.pl\/adamczewski\/wp-json\/wp\/v2\/tags?post=9750"}],"curies":[{"name":"wp","href":"https:\/\/api.w.org\/{rel}","templated":true}]}}