
{"id":9751,"date":"2008-02-10T19:07:27","date_gmt":"2008-02-10T18:07:27","guid":{"rendered":"http:\/\/adamczewscy.pl\/?p=1850"},"modified":"2008-02-10T19:07:27","modified_gmt":"2008-02-10T18:07:27","slug":"salatka-ze-szparagowej-fasoli","status":"publish","type":"post","link":"https:\/\/blog.polityka.pl\/adamczewski\/2008\/02\/10\/salatka-ze-szparagowej-fasoli\/","title":{"rendered":"Sa\u0142atka ze szparagowej fasoli"},"content":{"rendered":"<p><em>P\u00f3\u0142 kg mro\u017conej lub \u015bwie\u017cej zielonej fasolki szparagowej, 6 \u0142y\u017cek oliwy z oliwek lub dobrego oleju, 2 \u0142y\u017cki soku cytrynowego, 2 &#8211; 3 z\u0105bki czosnku, s\u00f3l, pieprz, \u0142y\u017cka siekanej zielonej pietruszki.<\/em><\/p>\n<p>1. Fasolk\u0119 obra\u0107, pokroi\u0107 na kawa\u0142ki (mro\u017cona jest ju\u017c obrana i pokrojona), wrzuci\u0107 na wrz\u0105c\u0105 osolon\u0105 wod\u0119 i ugotowa\u0107. Odcedzi\u0107 ostudzi\u0107.<br \/>\n2. Oliw\u0119 lub olej, sok cytrynowy, s\u00f3l i pieprz oraz przeci\u015bni\u0119ty przez prask\u0119 czosnek wymiesza\u0107, doda\u0107 do zimnej fasolki i wymiesza\u0107.<br \/>\n3. U\u0142o\u017cy\u0107 sa\u0142atk\u0119 w salaterce, posypa\u0107 siekan\u0105 zielon\u0105 pietruszk\u0105.<\/p>\n","protected":false},"excerpt":{"rendered":"<p>P\u00f3\u0142 kg mro\u017conej lub \u015bwie\u017cej zielonej fasolki szparagowej, 6 \u0142y\u017cek oliwy z oliwek lub dobrego oleju, 2 \u0142y\u017cki soku cytrynowego, 2 &#8211; 3 z\u0105bki czosnku, s\u00f3l, pieprz, \u0142y\u017cka siekanej zielonej pietruszki. 1. Fasolk\u0119 obra\u0107, pokroi\u0107 na kawa\u0142ki (mro\u017cona jest ju\u017c obrana i pokrojona), wrzuci\u0107 na wrz\u0105c\u0105 osolon\u0105 wod\u0119 i ugotowa\u0107. Odcedzi\u0107 ostudzi\u0107. 2. Oliw\u0119 lub [&hellip;]<\/p>\n","protected":false},"author":2,"featured_media":0,"comment_status":"open","ping_status":"open","sticky":false,"template":"","format":"standard","meta":{"footnotes":""},"categories":[1],"tags":[],"_links":{"self":[{"href":"https:\/\/blog.polityka.pl\/adamczewski\/wp-json\/wp\/v2\/posts\/9751"}],"collection":[{"href":"https:\/\/blog.polityka.pl\/adamczewski\/wp-json\/wp\/v2\/posts"}],"about":[{"href":"https:\/\/blog.polityka.pl\/adamczewski\/wp-json\/wp\/v2\/types\/post"}],"author":[{"embeddable":true,"href":"https:\/\/blog.polityka.pl\/adamczewski\/wp-json\/wp\/v2\/users\/2"}],"replies":[{"embeddable":true,"href":"https:\/\/blog.polityka.pl\/adamczewski\/wp-json\/wp\/v2\/comments?post=9751"}],"version-history":[{"count":0,"href":"https:\/\/blog.polityka.pl\/adamczewski\/wp-json\/wp\/v2\/posts\/9751\/revisions"}],"wp:attachment":[{"href":"https:\/\/blog.polityka.pl\/adamczewski\/wp-json\/wp\/v2\/media?parent=9751"}],"wp:term":[{"taxonomy":"category","embeddable":true,"href":"https:\/\/blog.polityka.pl\/adamczewski\/wp-json\/wp\/v2\/categories?post=9751"},{"taxonomy":"post_tag","embeddable":true,"href":"https:\/\/blog.polityka.pl\/adamczewski\/wp-json\/wp\/v2\/tags?post=9751"}],"curies":[{"name":"wp","href":"https:\/\/api.w.org\/{rel}","templated":true}]}}