
{"id":9752,"date":"2008-02-10T19:08:47","date_gmt":"2008-02-10T18:08:47","guid":{"rendered":"http:\/\/adamczewscy.pl\/?p=1851"},"modified":"2008-02-10T19:08:47","modified_gmt":"2008-02-10T18:08:47","slug":"kurczak-ze-sliwkami","status":"publish","type":"post","link":"https:\/\/blog.polityka.pl\/adamczewski\/2008\/02\/10\/kurczak-ze-sliwkami\/","title":{"rendered":"Kurczak ze \u015bliwkami"},"content":{"rendered":"<p><em>(4-porcje)<br \/>\n4 udka kurczaka, 25 dag suszonych \u015bliwek, 3 cebule, 3 &#8211; 4 \u0142y\u017cki oliwy z oliwek, s\u00f3l, pieprz, mielona s\u0142odka papryka.<\/em><\/p>\n<p>1. Udka oczy\u015bci z nadmiernego t\u0142uszczu, lekko posypa\u0107 sol\u0105 i pieprzem.<br \/>\n2. Cebul\u0119 pokroi\u0107 w plastry.<br \/>\n3. Rozgrza\u0107 oliw\u0119 w brytfannie lub garnku, obsma\u017cy\u0107 na niej udka, pouk\u0142ada\u0107 na nich cebul\u0119, przykry\u0107 i dusi\u0107 na ma\u0142ym ogniu oko\u0142o 30 minut, dolewaj\u0105c w razie potrzeby po kilka \u0142y\u017cek wody.<br \/>\n4. Po tym czasie doda\u0107 \u015bliwki i dusi\u0107 jeszcze 30 minut na zmniejszonym do minimum ogniu.<\/p>\n<p>Uduszonego w ten spos\u00f3b kurczaka podawa\u0107 z ry\u017cem lub kasz\u0105 kuskus.<\/p>\n","protected":false},"excerpt":{"rendered":"<p>(4-porcje) 4 udka kurczaka, 25 dag suszonych \u015bliwek, 3 cebule, 3 &#8211; 4 \u0142y\u017cki oliwy z oliwek, s\u00f3l, pieprz, mielona s\u0142odka papryka. 1. Udka oczy\u015bci z nadmiernego t\u0142uszczu, lekko posypa\u0107 sol\u0105 i pieprzem. 2. Cebul\u0119 pokroi\u0107 w plastry. 3. Rozgrza\u0107 oliw\u0119 w brytfannie lub garnku, obsma\u017cy\u0107 na niej udka, pouk\u0142ada\u0107 na nich cebul\u0119, przykry\u0107 i [&hellip;]<\/p>\n","protected":false},"author":2,"featured_media":0,"comment_status":"open","ping_status":"open","sticky":false,"template":"","format":"standard","meta":{"footnotes":""},"categories":[1],"tags":[],"_links":{"self":[{"href":"https:\/\/blog.polityka.pl\/adamczewski\/wp-json\/wp\/v2\/posts\/9752"}],"collection":[{"href":"https:\/\/blog.polityka.pl\/adamczewski\/wp-json\/wp\/v2\/posts"}],"about":[{"href":"https:\/\/blog.polityka.pl\/adamczewski\/wp-json\/wp\/v2\/types\/post"}],"author":[{"embeddable":true,"href":"https:\/\/blog.polityka.pl\/adamczewski\/wp-json\/wp\/v2\/users\/2"}],"replies":[{"embeddable":true,"href":"https:\/\/blog.polityka.pl\/adamczewski\/wp-json\/wp\/v2\/comments?post=9752"}],"version-history":[{"count":0,"href":"https:\/\/blog.polityka.pl\/adamczewski\/wp-json\/wp\/v2\/posts\/9752\/revisions"}],"wp:attachment":[{"href":"https:\/\/blog.polityka.pl\/adamczewski\/wp-json\/wp\/v2\/media?parent=9752"}],"wp:term":[{"taxonomy":"category","embeddable":true,"href":"https:\/\/blog.polityka.pl\/adamczewski\/wp-json\/wp\/v2\/categories?post=9752"},{"taxonomy":"post_tag","embeddable":true,"href":"https:\/\/blog.polityka.pl\/adamczewski\/wp-json\/wp\/v2\/tags?post=9752"}],"curies":[{"name":"wp","href":"https:\/\/api.w.org\/{rel}","templated":true}]}}