
{"id":9755,"date":"2008-02-10T19:10:49","date_gmt":"2008-02-10T18:10:49","guid":{"rendered":"http:\/\/adamczewscy.pl\/?p=1854"},"modified":"2008-02-10T19:10:49","modified_gmt":"2008-02-10T18:10:49","slug":"puree-z-papryki","status":"publish","type":"post","link":"https:\/\/blog.polityka.pl\/adamczewski\/2008\/02\/10\/puree-z-papryki\/","title":{"rendered":"Puree z papryki"},"content":{"rendered":"<p><em>(4 porcje)<\/p>\n<p>4 &#8211; 6 du\u017cych mi\u0119sistych str\u0105k\u00f3w papryki, s\u00f3l, \u0142y\u017cka mas\u0142a.<\/em><\/p>\n<p>1. Oczy\u015bci\u0107 papryk\u0119 usuwaj\u0105c gniazda nasienne z papryki.<br \/>\n2. Ugotowa\u0107 papryk\u0119 w osolonej wodzie.<br \/>\n3. Mi\u0119kk\u0105 zmiksowa\u0107 i przetrze\u0107 przez sito, aby usun\u0105\u0107 resztki sk\u00f3rek.<br \/>\n4. Gor\u0105ce puree wy\u0142o\u017cy\u0107 do salaterki, pouk\u0142ada\u0107 na wierzchu pokrojone na ma\u0142e kawa\u0142ki mas\u0142o.<\/p>\n<p>Puree z papryki jest dobrym dodatkiem do potraw z ryb i mi\u0119s. Mo\u017cna je zjada\u0107 tak\u017ce na zimno, doprawione odrobin\u0105 pieprzu i soku cytrynowego.<\/p>\n","protected":false},"excerpt":{"rendered":"<p>(4 porcje) 4 &#8211; 6 du\u017cych mi\u0119sistych str\u0105k\u00f3w papryki, s\u00f3l, \u0142y\u017cka mas\u0142a. 1. Oczy\u015bci\u0107 papryk\u0119 usuwaj\u0105c gniazda nasienne z papryki. 2. Ugotowa\u0107 papryk\u0119 w osolonej wodzie. 3. Mi\u0119kk\u0105 zmiksowa\u0107 i przetrze\u0107 przez sito, aby usun\u0105\u0107 resztki sk\u00f3rek. 4. Gor\u0105ce puree wy\u0142o\u017cy\u0107 do salaterki, pouk\u0142ada\u0107 na wierzchu pokrojone na ma\u0142e kawa\u0142ki mas\u0142o. Puree z papryki jest [&hellip;]<\/p>\n","protected":false},"author":2,"featured_media":0,"comment_status":"open","ping_status":"open","sticky":false,"template":"","format":"standard","meta":{"footnotes":""},"categories":[1],"tags":[],"_links":{"self":[{"href":"https:\/\/blog.polityka.pl\/adamczewski\/wp-json\/wp\/v2\/posts\/9755"}],"collection":[{"href":"https:\/\/blog.polityka.pl\/adamczewski\/wp-json\/wp\/v2\/posts"}],"about":[{"href":"https:\/\/blog.polityka.pl\/adamczewski\/wp-json\/wp\/v2\/types\/post"}],"author":[{"embeddable":true,"href":"https:\/\/blog.polityka.pl\/adamczewski\/wp-json\/wp\/v2\/users\/2"}],"replies":[{"embeddable":true,"href":"https:\/\/blog.polityka.pl\/adamczewski\/wp-json\/wp\/v2\/comments?post=9755"}],"version-history":[{"count":0,"href":"https:\/\/blog.polityka.pl\/adamczewski\/wp-json\/wp\/v2\/posts\/9755\/revisions"}],"wp:attachment":[{"href":"https:\/\/blog.polityka.pl\/adamczewski\/wp-json\/wp\/v2\/media?parent=9755"}],"wp:term":[{"taxonomy":"category","embeddable":true,"href":"https:\/\/blog.polityka.pl\/adamczewski\/wp-json\/wp\/v2\/categories?post=9755"},{"taxonomy":"post_tag","embeddable":true,"href":"https:\/\/blog.polityka.pl\/adamczewski\/wp-json\/wp\/v2\/tags?post=9755"}],"curies":[{"name":"wp","href":"https:\/\/api.w.org\/{rel}","templated":true}]}}