
{"id":9756,"date":"2008-02-10T20:43:07","date_gmt":"2008-02-10T19:43:07","guid":{"rendered":"http:\/\/adamczewscy.pl\/?p=1855"},"modified":"2008-02-10T20:43:07","modified_gmt":"2008-02-10T19:43:07","slug":"szpinak-zapiekany-w-wedzonym-boczku","status":"publish","type":"post","link":"https:\/\/blog.polityka.pl\/adamczewski\/2008\/02\/10\/szpinak-zapiekany-w-wedzonym-boczku\/","title":{"rendered":"Szpinak zapiekany w w\u0119dzonym boczku"},"content":{"rendered":"<p><em>(4 porcje)<\/p>\n<p>1 kg \u015bwie\u017cego szpinaku w li\u015bciach, 10 -15 plasterk\u00f3w cienko pokrojonego w\u0119dzonego boczku, \u0142y\u017cka mas\u0142a, s\u00f3l.<\/em><\/p>\n<p>1. Szpinak dok\u0142adnie wyp\u0142uka\u0107, wrzuci\u0107 na wrz\u0105c\u0105 osolon\u0105 wod\u0119 i gotowa\u0107 2 minuty. Starannie odcedzi\u0107 na durszlaku, mo\u017cna nawet wycisn\u0105\u0107 lekko drewnian\u0105 \u0142y\u017ck\u0105.<br \/>\n2. W \u017caroodpornym naczyniu u\u0142o\u017cy\u0107 warstw\u0119 plasterk\u00f3w boczku, na nich wymieszany z kawa\u0142eczkami mas\u0142a szpinak, na wierzchu zn\u00f3w po\u0142o\u017cy\u0107 bekon.<br \/>\n3. Wstawi\u0107 do nagrzanego piekarnika na 10 minut; najlepiej, je\u015bli to mo\u017cliwe, w\u0142\u0105czy\u0107 termoobieg, w\u00f3wczas bowiem boczek si\u0119 zrumieni.<\/p>\n<p>Szpinak przygotowany wed\u0142ug tego przepisu jest nie tylko smakowity, ale i wygl\u0105da \u015bwietnie. Mo\u017cna przed u\u0142o\u017ceniem podsma\u017cy\u0107 boczek, aby by\u0142 chrupi\u0105cy.<\/p>\n","protected":false},"excerpt":{"rendered":"<p>(4 porcje) 1 kg \u015bwie\u017cego szpinaku w li\u015bciach, 10 -15 plasterk\u00f3w cienko pokrojonego w\u0119dzonego boczku, \u0142y\u017cka mas\u0142a, s\u00f3l. 1. Szpinak dok\u0142adnie wyp\u0142uka\u0107, wrzuci\u0107 na wrz\u0105c\u0105 osolon\u0105 wod\u0119 i gotowa\u0107 2 minuty. Starannie odcedzi\u0107 na durszlaku, mo\u017cna nawet wycisn\u0105\u0107 lekko drewnian\u0105 \u0142y\u017ck\u0105. 2. W \u017caroodpornym naczyniu u\u0142o\u017cy\u0107 warstw\u0119 plasterk\u00f3w boczku, na nich wymieszany z kawa\u0142eczkami mas\u0142a [&hellip;]<\/p>\n","protected":false},"author":2,"featured_media":0,"comment_status":"open","ping_status":"open","sticky":false,"template":"","format":"standard","meta":{"footnotes":""},"categories":[1],"tags":[],"_links":{"self":[{"href":"https:\/\/blog.polityka.pl\/adamczewski\/wp-json\/wp\/v2\/posts\/9756"}],"collection":[{"href":"https:\/\/blog.polityka.pl\/adamczewski\/wp-json\/wp\/v2\/posts"}],"about":[{"href":"https:\/\/blog.polityka.pl\/adamczewski\/wp-json\/wp\/v2\/types\/post"}],"author":[{"embeddable":true,"href":"https:\/\/blog.polityka.pl\/adamczewski\/wp-json\/wp\/v2\/users\/2"}],"replies":[{"embeddable":true,"href":"https:\/\/blog.polityka.pl\/adamczewski\/wp-json\/wp\/v2\/comments?post=9756"}],"version-history":[{"count":0,"href":"https:\/\/blog.polityka.pl\/adamczewski\/wp-json\/wp\/v2\/posts\/9756\/revisions"}],"wp:attachment":[{"href":"https:\/\/blog.polityka.pl\/adamczewski\/wp-json\/wp\/v2\/media?parent=9756"}],"wp:term":[{"taxonomy":"category","embeddable":true,"href":"https:\/\/blog.polityka.pl\/adamczewski\/wp-json\/wp\/v2\/categories?post=9756"},{"taxonomy":"post_tag","embeddable":true,"href":"https:\/\/blog.polityka.pl\/adamczewski\/wp-json\/wp\/v2\/tags?post=9756"}],"curies":[{"name":"wp","href":"https:\/\/api.w.org\/{rel}","templated":true}]}}