
{"id":9767,"date":"2008-02-25T03:22:23","date_gmt":"2008-02-25T02:22:23","guid":{"rendered":"http:\/\/adamczewscy.pl\/?p=1867"},"modified":"2008-02-25T03:22:23","modified_gmt":"2008-02-25T02:22:23","slug":"salata-rzymska-z-sosem-pomidorowym","status":"publish","type":"post","link":"https:\/\/blog.polityka.pl\/adamczewski\/2008\/02\/25\/salata-rzymska-z-sosem-pomidorowym\/","title":{"rendered":"Sa\u0142ata rzymska z sosem pomidorowym"},"content":{"rendered":"<p><em>(4 porcje)<br \/>\n2 g\u0142\u00f3wki sa\u0142aty rzymskiej, 3 \u0142y\u017cki pokruszonego sera feta lub startej na tarce jarzynowej mozzarelli.<br \/>\nNa sos: 2 dojrza\u0142e pomidory, gar\u015b\u0107 li\u015bci \u015bwie\u017cej bazylii, 2 \u0142y\u017cki oliwy z oliwek lub oleju z pestek winogron, p\u00f3\u0142 \u0142y\u017ceczki soli, szczypta pieprzu, szczypta cukru, \u0142y\u017cka octu balsamicznego, \u0142y\u017cka keczupu, przekrojony na kilka cz\u0119\u015bci z\u0105bek czosnku.<\/em><\/p>\n<p>1. Sa\u0142at\u0119 umy\u0107 i osuszy\u0107, porwa\u0107 palcami na drobniejsze cz\u0119\u015bci.<br \/>\n2. Pomidory obra\u0107 ze sk\u00f3rki i drobno posieka\u0107.<br \/>\n3. W s\u0142oiku typu twist umie\u015bci\u0107 wszystkie sk\u0142adniki sosu, dok\u0142adnie wymiesza\u0107 potrz\u0105saj\u0105c s\u0142oikiem do\u015b\u0107 energicznie.<br \/>\n4. W salaterce  umie\u015bci\u0107 sa\u0142at\u0119 i posypa\u0107 j\u0105 serem, pola\u0107 sosem i wymiesza\u0107.<\/p>\n","protected":false},"excerpt":{"rendered":"<p>(4 porcje) 2 g\u0142\u00f3wki sa\u0142aty rzymskiej, 3 \u0142y\u017cki pokruszonego sera feta lub startej na tarce jarzynowej mozzarelli. Na sos: 2 dojrza\u0142e pomidory, gar\u015b\u0107 li\u015bci \u015bwie\u017cej bazylii, 2 \u0142y\u017cki oliwy z oliwek lub oleju z pestek winogron, p\u00f3\u0142 \u0142y\u017ceczki soli, szczypta pieprzu, szczypta cukru, \u0142y\u017cka octu balsamicznego, \u0142y\u017cka keczupu, przekrojony na kilka cz\u0119\u015bci z\u0105bek czosnku. 1. [&hellip;]<\/p>\n","protected":false},"author":2,"featured_media":0,"comment_status":"open","ping_status":"open","sticky":false,"template":"","format":"standard","meta":{"footnotes":""},"categories":[1],"tags":[],"_links":{"self":[{"href":"https:\/\/blog.polityka.pl\/adamczewski\/wp-json\/wp\/v2\/posts\/9767"}],"collection":[{"href":"https:\/\/blog.polityka.pl\/adamczewski\/wp-json\/wp\/v2\/posts"}],"about":[{"href":"https:\/\/blog.polityka.pl\/adamczewski\/wp-json\/wp\/v2\/types\/post"}],"author":[{"embeddable":true,"href":"https:\/\/blog.polityka.pl\/adamczewski\/wp-json\/wp\/v2\/users\/2"}],"replies":[{"embeddable":true,"href":"https:\/\/blog.polityka.pl\/adamczewski\/wp-json\/wp\/v2\/comments?post=9767"}],"version-history":[{"count":0,"href":"https:\/\/blog.polityka.pl\/adamczewski\/wp-json\/wp\/v2\/posts\/9767\/revisions"}],"wp:attachment":[{"href":"https:\/\/blog.polityka.pl\/adamczewski\/wp-json\/wp\/v2\/media?parent=9767"}],"wp:term":[{"taxonomy":"category","embeddable":true,"href":"https:\/\/blog.polityka.pl\/adamczewski\/wp-json\/wp\/v2\/categories?post=9767"},{"taxonomy":"post_tag","embeddable":true,"href":"https:\/\/blog.polityka.pl\/adamczewski\/wp-json\/wp\/v2\/tags?post=9767"}],"curies":[{"name":"wp","href":"https:\/\/api.w.org\/{rel}","templated":true}]}}