
{"id":9768,"date":"2008-02-25T03:24:10","date_gmt":"2008-02-25T02:24:10","guid":{"rendered":"http:\/\/adamczewscy.pl\/?p=1868"},"modified":"2008-02-25T03:24:10","modified_gmt":"2008-02-25T02:24:10","slug":"kapusta-pekinska-z-imbirem","status":"publish","type":"post","link":"https:\/\/blog.polityka.pl\/adamczewski\/2008\/02\/25\/kapusta-pekinska-z-imbirem\/","title":{"rendered":"Kapusta peki\u0144ska z imbirem"},"content":{"rendered":"<p><em>(4 porcje)<br \/>\n2 \u015brednie  g\u0142\u00f3wki kapusty peki\u0144skiej, \u0142y\u017cka oleju,  \u0142y\u017cka  pokrojonego w drobne paseczki imbiru, spora szczypta soli, p\u00f3\u0142  szklanki roso\u0142u warzywnego z kostki, 2 \u0142y\u017cki orzeszk\u00f3w ziemnych (nie solonych).<\/em><\/p>\n<p>1. Orzeszki ziemne upra\u017cy\u0107 na suchej patelni, ostudzi\u0107,  posieka\u0107.<br \/>\n2. Kapust\u0119 peki\u0144sk\u0105 pokroi\u0107 w centymetrowe paski.<br \/>\n3. Rozgrza\u0107 w g\u0142\u0119bokiej patelni olej, doda\u0107 pokrojony imbir i chwil\u0119 sma\u017cy\u0107. Doda\u0107 kapust\u0119, sma\u017cy\u0107 2 minuty mieszaj\u0105c, po czym wla\u0107 ros\u00f3\u0142 warzywny, doda\u0107 s\u00f3l i dusi\u0107 pod przykryciem 2 minuty, aby kapusta nieco zmi\u0119k\u0142a. Odstawi\u0107 potraw\u0119  z ognia, ale pozostawi\u0107 oko\u0142o minuty przykryt\u0105.<br \/>\n4. Posypa\u0107 kapust\u0119 orzeszkami i podawa\u0107.<\/p>\n<p>Ta pikantna dzi\u0119ki imbirowi potrawa smakuje doskonale do wielu potraw, nie tylko do tradycyjnych da\u0144 kuchni chi\u0144skiej. Na przyk\u0142ad podana ze sma\u017con\u0105 ryb\u0105 czy kurcz\u0119cymi kotletami b\u0119dzie  \u015bwietnym dope\u0142nieniem smaku.<\/p>\n","protected":false},"excerpt":{"rendered":"<p>(4 porcje) 2 \u015brednie g\u0142\u00f3wki kapusty peki\u0144skiej, \u0142y\u017cka oleju, \u0142y\u017cka pokrojonego w drobne paseczki imbiru, spora szczypta soli, p\u00f3\u0142 szklanki roso\u0142u warzywnego z kostki, 2 \u0142y\u017cki orzeszk\u00f3w ziemnych (nie solonych). 1. Orzeszki ziemne upra\u017cy\u0107 na suchej patelni, ostudzi\u0107, posieka\u0107. 2. Kapust\u0119 peki\u0144sk\u0105 pokroi\u0107 w centymetrowe paski. 3. Rozgrza\u0107 w g\u0142\u0119bokiej patelni olej, doda\u0107 pokrojony imbir [&hellip;]<\/p>\n","protected":false},"author":2,"featured_media":0,"comment_status":"open","ping_status":"open","sticky":false,"template":"","format":"standard","meta":{"footnotes":""},"categories":[1],"tags":[],"_links":{"self":[{"href":"https:\/\/blog.polityka.pl\/adamczewski\/wp-json\/wp\/v2\/posts\/9768"}],"collection":[{"href":"https:\/\/blog.polityka.pl\/adamczewski\/wp-json\/wp\/v2\/posts"}],"about":[{"href":"https:\/\/blog.polityka.pl\/adamczewski\/wp-json\/wp\/v2\/types\/post"}],"author":[{"embeddable":true,"href":"https:\/\/blog.polityka.pl\/adamczewski\/wp-json\/wp\/v2\/users\/2"}],"replies":[{"embeddable":true,"href":"https:\/\/blog.polityka.pl\/adamczewski\/wp-json\/wp\/v2\/comments?post=9768"}],"version-history":[{"count":0,"href":"https:\/\/blog.polityka.pl\/adamczewski\/wp-json\/wp\/v2\/posts\/9768\/revisions"}],"wp:attachment":[{"href":"https:\/\/blog.polityka.pl\/adamczewski\/wp-json\/wp\/v2\/media?parent=9768"}],"wp:term":[{"taxonomy":"category","embeddable":true,"href":"https:\/\/blog.polityka.pl\/adamczewski\/wp-json\/wp\/v2\/categories?post=9768"},{"taxonomy":"post_tag","embeddable":true,"href":"https:\/\/blog.polityka.pl\/adamczewski\/wp-json\/wp\/v2\/tags?post=9768"}],"curies":[{"name":"wp","href":"https:\/\/api.w.org\/{rel}","templated":true}]}}