
{"id":9772,"date":"2008-03-02T18:47:14","date_gmt":"2008-03-02T17:47:14","guid":{"rendered":"http:\/\/adamczewscy.pl\/?p=1874"},"modified":"2008-03-02T18:47:14","modified_gmt":"2008-03-02T17:47:14","slug":"filety-kurczece-w-musztardowo-miodowej-marynacie","status":"publish","type":"post","link":"https:\/\/blog.polityka.pl\/adamczewski\/2008\/03\/02\/filety-kurczece-w-musztardowo-miodowej-marynacie\/","title":{"rendered":"Filety kurcz\u0119ce w musztardowo-miodowej marynacie"},"content":{"rendered":"<p><em>(4 porcje)<\/p>\n<p>2 podw\u00f3jne filety z piersi kurcz\u0119cej, 4 \u0142y\u017cki musztardy z ca\u0142ymi ziarenkami gorczycy, 4 \u0142y\u017cki miodu, s\u00f3l, mielony pieprz.<\/em><\/p>\n<p>1. Podzieli\u0107 piersi kurcz\u0119ce na po\u0142\u00f3wki, uformowa\u0107 przy pomocy t\u0142uczka do mi\u0119sa owalne kotlety.<br \/>\n2. Wymiesza\u0107 mi\u00f3d, musztard\u0119, s\u00f3l i pieprz.<br \/>\n3. Marynat\u0105 posmarowa\u0107 dok\u0142adnie kotlety i u\u0142o\u017cy\u0107 na \u017caroodpornym p\u00f3\u0142misku. Piec w piekarniku 30 minut, w temperaturze 200 st C. Gdyby zbyt silnie rumieni\u0142y si\u0119 przykry\u0107 kotlety z wierzchu arkuszem,  folii aluminiowej.<\/p>\n","protected":false},"excerpt":{"rendered":"<p>(4 porcje) 2 podw\u00f3jne filety z piersi kurcz\u0119cej, 4 \u0142y\u017cki musztardy z ca\u0142ymi ziarenkami gorczycy, 4 \u0142y\u017cki miodu, s\u00f3l, mielony pieprz. 1. Podzieli\u0107 piersi kurcz\u0119ce na po\u0142\u00f3wki, uformowa\u0107 przy pomocy t\u0142uczka do mi\u0119sa owalne kotlety. 2. Wymiesza\u0107 mi\u00f3d, musztard\u0119, s\u00f3l i pieprz. 3. Marynat\u0105 posmarowa\u0107 dok\u0142adnie kotlety i u\u0142o\u017cy\u0107 na \u017caroodpornym p\u00f3\u0142misku. Piec w piekarniku [&hellip;]<\/p>\n","protected":false},"author":2,"featured_media":0,"comment_status":"open","ping_status":"open","sticky":false,"template":"","format":"standard","meta":{"footnotes":""},"categories":[1],"tags":[],"_links":{"self":[{"href":"https:\/\/blog.polityka.pl\/adamczewski\/wp-json\/wp\/v2\/posts\/9772"}],"collection":[{"href":"https:\/\/blog.polityka.pl\/adamczewski\/wp-json\/wp\/v2\/posts"}],"about":[{"href":"https:\/\/blog.polityka.pl\/adamczewski\/wp-json\/wp\/v2\/types\/post"}],"author":[{"embeddable":true,"href":"https:\/\/blog.polityka.pl\/adamczewski\/wp-json\/wp\/v2\/users\/2"}],"replies":[{"embeddable":true,"href":"https:\/\/blog.polityka.pl\/adamczewski\/wp-json\/wp\/v2\/comments?post=9772"}],"version-history":[{"count":0,"href":"https:\/\/blog.polityka.pl\/adamczewski\/wp-json\/wp\/v2\/posts\/9772\/revisions"}],"wp:attachment":[{"href":"https:\/\/blog.polityka.pl\/adamczewski\/wp-json\/wp\/v2\/media?parent=9772"}],"wp:term":[{"taxonomy":"category","embeddable":true,"href":"https:\/\/blog.polityka.pl\/adamczewski\/wp-json\/wp\/v2\/categories?post=9772"},{"taxonomy":"post_tag","embeddable":true,"href":"https:\/\/blog.polityka.pl\/adamczewski\/wp-json\/wp\/v2\/tags?post=9772"}],"curies":[{"name":"wp","href":"https:\/\/api.w.org\/{rel}","templated":true}]}}