
{"id":9777,"date":"2008-03-02T19:01:45","date_gmt":"2008-03-02T18:01:45","guid":{"rendered":"http:\/\/adamczewscy.pl\/?p=1879"},"modified":"2008-03-02T19:01:45","modified_gmt":"2008-03-02T18:01:45","slug":"zoladki-drobiowe-w-pieczarkach","status":"publish","type":"post","link":"https:\/\/blog.polityka.pl\/adamczewski\/2008\/03\/02\/zoladki-drobiowe-w-pieczarkach\/","title":{"rendered":"\u017bo\u0142\u0105dki drobiowe w pieczarkach"},"content":{"rendered":"<p><em>(6 porcji)<\/p>\n<p>1 kg \u017co\u0142\u0105dk\u00f3w drobiowych, marchew, pietruszka, cebula, kawa\u0142em selera, por, 50 dag pieczarek, 2 cebule, 2 \u0142y\u017cki koncentratu pomidorowego, 2 \u0142y\u017cki oleju z pestek winogron, s\u00f3l, pieprz.<\/em><\/p>\n<p>1. \u017bo\u0142\u0105dki oczy\u015bci\u0107. Wraz z marchwi\u0105, pietruszk\u0105, cebul\u0105, porem i selerem zala\u0107 3 szklankami wody i ugotowa\u0107 z sol\u0105 do mi\u0119kko\u015bci. Ods\u0105czy\u0107 z wywaru, ostudzi\u0107, pokroi\u0107 ka\u017cdy na 4 cz\u0119\u015bci.<br \/>\n2. Cebule drobno posieka\u0107, poddusi\u0107 na rozgrzanym oleju, doda\u0107 pokrojone w plasterki pieczarki i dalej chwil\u0119 dusi\u0107.<br \/>\n3. Do pieczarek z cebul\u0105 doda\u0107 p\u00f3\u0142 szklanki wywaru z \u017co\u0142\u0105dk\u00f3w, koncentrat pomidorowy oraz pokrojone \u017co\u0142\u0105dki. Doprawi\u0107 sol\u0105 i pieprzem. Dusi\u0107 wszystko razem oko\u0142o 10 minut.<\/p>\n<p>\u017bo\u0142\u0105dki z pieczarkami podawa\u0107 z kluskami k\u0142adzionymi lub makaronem, ry\u017cem albo tylko ze \u015bwie\u017c\u0105 bu\u0142k\u0105.<\/p>\n","protected":false},"excerpt":{"rendered":"<p>(6 porcji) 1 kg \u017co\u0142\u0105dk\u00f3w drobiowych, marchew, pietruszka, cebula, kawa\u0142em selera, por, 50 dag pieczarek, 2 cebule, 2 \u0142y\u017cki koncentratu pomidorowego, 2 \u0142y\u017cki oleju z pestek winogron, s\u00f3l, pieprz. 1. \u017bo\u0142\u0105dki oczy\u015bci\u0107. Wraz z marchwi\u0105, pietruszk\u0105, cebul\u0105, porem i selerem zala\u0107 3 szklankami wody i ugotowa\u0107 z sol\u0105 do mi\u0119kko\u015bci. Ods\u0105czy\u0107 z wywaru, ostudzi\u0107, pokroi\u0107 [&hellip;]<\/p>\n","protected":false},"author":2,"featured_media":0,"comment_status":"open","ping_status":"open","sticky":false,"template":"","format":"standard","meta":{"footnotes":""},"categories":[1],"tags":[],"_links":{"self":[{"href":"https:\/\/blog.polityka.pl\/adamczewski\/wp-json\/wp\/v2\/posts\/9777"}],"collection":[{"href":"https:\/\/blog.polityka.pl\/adamczewski\/wp-json\/wp\/v2\/posts"}],"about":[{"href":"https:\/\/blog.polityka.pl\/adamczewski\/wp-json\/wp\/v2\/types\/post"}],"author":[{"embeddable":true,"href":"https:\/\/blog.polityka.pl\/adamczewski\/wp-json\/wp\/v2\/users\/2"}],"replies":[{"embeddable":true,"href":"https:\/\/blog.polityka.pl\/adamczewski\/wp-json\/wp\/v2\/comments?post=9777"}],"version-history":[{"count":0,"href":"https:\/\/blog.polityka.pl\/adamczewski\/wp-json\/wp\/v2\/posts\/9777\/revisions"}],"wp:attachment":[{"href":"https:\/\/blog.polityka.pl\/adamczewski\/wp-json\/wp\/v2\/media?parent=9777"}],"wp:term":[{"taxonomy":"category","embeddable":true,"href":"https:\/\/blog.polityka.pl\/adamczewski\/wp-json\/wp\/v2\/categories?post=9777"},{"taxonomy":"post_tag","embeddable":true,"href":"https:\/\/blog.polityka.pl\/adamczewski\/wp-json\/wp\/v2\/tags?post=9777"}],"curies":[{"name":"wp","href":"https:\/\/api.w.org\/{rel}","templated":true}]}}