
{"id":9778,"date":"2008-03-02T19:02:39","date_gmt":"2008-03-02T18:02:39","guid":{"rendered":"http:\/\/adamczewscy.pl\/?p=1880"},"modified":"2008-03-02T19:02:39","modified_gmt":"2008-03-02T18:02:39","slug":"zupa-marchewkowa","status":"publish","type":"post","link":"https:\/\/blog.polityka.pl\/adamczewski\/2008\/03\/02\/zupa-marchewkowa\/","title":{"rendered":"Zupa marchewkowa"},"content":{"rendered":"<p><em>(4 porcje)<\/p>\n<p>6 \u015brednich marchwi, cebula, z\u0105bek czosnku, \u0142y\u017cka oliwy lub oleju s\u00f3l, bia\u0142y pieprz, 4 szklanki wywaru z warzyw lub z kurczaka (mo\u017ce by\u0107 z kostki), \u0142y\u017ceczka do kawy suszonego tymianku lub 2 \u0142y\u017ceczki \u015bwie\u017cego tymianku, 0,5 szklanki jogurtu naturalnego, 2 \u0142y\u017cki posiekanego koperku.<\/em><\/p>\n<p>1. Cebul\u0119 posieka\u0107, czosnek przecisn\u0105\u0107 przez prask\u0119, marchew pokroi\u0107 na drobne kawa\u0142ki.<br \/>\n2.. Podsma\u017cy\u0107 chwil\u0119 cebule i czosnek na rozgrzanym oleju lub oliwie, doda\u0107 wywar, marchew i tymianek. Gotowa\u0107 na niewielkim ogniu oko\u0142o 40 minut: marchew powinna zupe\u0142nie zmi\u0119kn\u0105\u0107.<br \/>\n3. Zmiksowa\u0107 zup\u0119, doprawi\u0107 sol\u0105 i pieprzem, doda\u0107 koperek i jogurt..<\/p>\n<p>Zupa marchewkowa jest doskona\u0142a zar\u00f3wno na ciep\u0142o jak i na zimno, och\u0142odzona w lod\u00f3wce ta aromatyczna zupa mo\u017ce sta\u0107 si\u0119 \u015bwietnym daniem na gor\u0105ce dni.<\/p>\n","protected":false},"excerpt":{"rendered":"<p>(4 porcje) 6 \u015brednich marchwi, cebula, z\u0105bek czosnku, \u0142y\u017cka oliwy lub oleju s\u00f3l, bia\u0142y pieprz, 4 szklanki wywaru z warzyw lub z kurczaka (mo\u017ce by\u0107 z kostki), \u0142y\u017ceczka do kawy suszonego tymianku lub 2 \u0142y\u017ceczki \u015bwie\u017cego tymianku, 0,5 szklanki jogurtu naturalnego, 2 \u0142y\u017cki posiekanego koperku. 1. Cebul\u0119 posieka\u0107, czosnek przecisn\u0105\u0107 przez prask\u0119, marchew pokroi\u0107 na [&hellip;]<\/p>\n","protected":false},"author":2,"featured_media":0,"comment_status":"open","ping_status":"open","sticky":false,"template":"","format":"standard","meta":{"footnotes":""},"categories":[1],"tags":[],"_links":{"self":[{"href":"https:\/\/blog.polityka.pl\/adamczewski\/wp-json\/wp\/v2\/posts\/9778"}],"collection":[{"href":"https:\/\/blog.polityka.pl\/adamczewski\/wp-json\/wp\/v2\/posts"}],"about":[{"href":"https:\/\/blog.polityka.pl\/adamczewski\/wp-json\/wp\/v2\/types\/post"}],"author":[{"embeddable":true,"href":"https:\/\/blog.polityka.pl\/adamczewski\/wp-json\/wp\/v2\/users\/2"}],"replies":[{"embeddable":true,"href":"https:\/\/blog.polityka.pl\/adamczewski\/wp-json\/wp\/v2\/comments?post=9778"}],"version-history":[{"count":0,"href":"https:\/\/blog.polityka.pl\/adamczewski\/wp-json\/wp\/v2\/posts\/9778\/revisions"}],"wp:attachment":[{"href":"https:\/\/blog.polityka.pl\/adamczewski\/wp-json\/wp\/v2\/media?parent=9778"}],"wp:term":[{"taxonomy":"category","embeddable":true,"href":"https:\/\/blog.polityka.pl\/adamczewski\/wp-json\/wp\/v2\/categories?post=9778"},{"taxonomy":"post_tag","embeddable":true,"href":"https:\/\/blog.polityka.pl\/adamczewski\/wp-json\/wp\/v2\/tags?post=9778"}],"curies":[{"name":"wp","href":"https:\/\/api.w.org\/{rel}","templated":true}]}}