
{"id":9780,"date":"2008-03-10T06:51:42","date_gmt":"2008-03-10T05:51:42","guid":{"rendered":"http:\/\/adamczewscy.pl\/?p=1886"},"modified":"2008-03-10T06:51:42","modified_gmt":"2008-03-10T05:51:42","slug":"zupa-z-fasolki-szparagowej","status":"publish","type":"post","link":"https:\/\/blog.polityka.pl\/adamczewski\/2008\/03\/10\/zupa-z-fasolki-szparagowej\/","title":{"rendered":"Zupa z fasolki szparagowej"},"content":{"rendered":"<p><em>(4 porcje)<\/p>\n<p>Marchew, pietruszka, kawa\u0142ek selera, por, 30 dag fasoli szparagowej, s\u00f3l,  5 szklanek wody, przyprawa do zup &#8211; wed\u0142ug smaku, 2 \u0142y\u017cki siekanej zielonej pietruszki lub koperku.<br \/>\nNa kluski: jajko i 2 \u0142y\u017ceczki m\u0105ki.<\/em><\/p>\n<p>1. Marchew, pietruszk\u0119, kawa\u0142ek selera i por oczy\u015bci\u0107, pokroi\u0107 na kawa\u0142ki, zala\u0107 5 szklankami wody i ugotowa\u0107 wywar.<br \/>\n2. Ugotowa\u0107 pokrojona na drobne kawa\u0142ki fasolk\u0119.<br \/>\n3. Fasolk\u0119 po\u0142\u0105czy\u0107 z przecedzonym wywarem, doprawi\u0107 przypraw\u0105 do zup i sol\u0105.<br \/>\n4. Przygotowa\u0107 ciasto na kluski mieszaj\u0105c jajko z m\u0105k\u0105.<br \/>\n5. Wlewa\u0107 cienkim strumieniem ciasto do zupy. Kiedy kluski wyp\u0142yn\u0105 nalewa\u0107 zup\u0119 na talerze i posypywa\u0107 siekan\u0105 zielon\u0105 pietruszk\u0105.<\/p>\n<p>Zup\u0119 t\u0119 mo\u017cna doprawi\u0107 tak\u017ce 2 \u0142y\u017ckami kwa\u015bnej \u015bmietany. Doskonale smakuje tak\u017ce zupa przygotowana na wywarze z mi\u0119sa wieprzowego lub kurczaka.<\/p>\n","protected":false},"excerpt":{"rendered":"<p>(4 porcje) Marchew, pietruszka, kawa\u0142ek selera, por, 30 dag fasoli szparagowej, s\u00f3l, 5 szklanek wody, przyprawa do zup &#8211; wed\u0142ug smaku, 2 \u0142y\u017cki siekanej zielonej pietruszki lub koperku. Na kluski: jajko i 2 \u0142y\u017ceczki m\u0105ki. 1. Marchew, pietruszk\u0119, kawa\u0142ek selera i por oczy\u015bci\u0107, pokroi\u0107 na kawa\u0142ki, zala\u0107 5 szklankami wody i ugotowa\u0107 wywar. 2. Ugotowa\u0107 [&hellip;]<\/p>\n","protected":false},"author":2,"featured_media":0,"comment_status":"open","ping_status":"open","sticky":false,"template":"","format":"standard","meta":{"footnotes":""},"categories":[1],"tags":[],"_links":{"self":[{"href":"https:\/\/blog.polityka.pl\/adamczewski\/wp-json\/wp\/v2\/posts\/9780"}],"collection":[{"href":"https:\/\/blog.polityka.pl\/adamczewski\/wp-json\/wp\/v2\/posts"}],"about":[{"href":"https:\/\/blog.polityka.pl\/adamczewski\/wp-json\/wp\/v2\/types\/post"}],"author":[{"embeddable":true,"href":"https:\/\/blog.polityka.pl\/adamczewski\/wp-json\/wp\/v2\/users\/2"}],"replies":[{"embeddable":true,"href":"https:\/\/blog.polityka.pl\/adamczewski\/wp-json\/wp\/v2\/comments?post=9780"}],"version-history":[{"count":0,"href":"https:\/\/blog.polityka.pl\/adamczewski\/wp-json\/wp\/v2\/posts\/9780\/revisions"}],"wp:attachment":[{"href":"https:\/\/blog.polityka.pl\/adamczewski\/wp-json\/wp\/v2\/media?parent=9780"}],"wp:term":[{"taxonomy":"category","embeddable":true,"href":"https:\/\/blog.polityka.pl\/adamczewski\/wp-json\/wp\/v2\/categories?post=9780"},{"taxonomy":"post_tag","embeddable":true,"href":"https:\/\/blog.polityka.pl\/adamczewski\/wp-json\/wp\/v2\/tags?post=9780"}],"curies":[{"name":"wp","href":"https:\/\/api.w.org\/{rel}","templated":true}]}}