
{"id":9781,"date":"2008-03-10T06:52:21","date_gmt":"2008-03-10T05:52:21","guid":{"rendered":"http:\/\/adamczewscy.pl\/?p=1887"},"modified":"2008-03-10T06:52:21","modified_gmt":"2008-03-10T05:52:21","slug":"zupa-ryzowa-z-serem","status":"publish","type":"post","link":"https:\/\/blog.polityka.pl\/adamczewski\/2008\/03\/10\/zupa-ryzowa-z-serem\/","title":{"rendered":"Zupa ry\u017cowa z serem"},"content":{"rendered":"<p><em>(6 porcji)<\/p>\n<p>Marchew, pietruszka, kawa\u0142ek pora, 2 \u0142y\u017cki mas\u0142a,  p\u00f3\u0142 szklanki ry\u017cu, p\u00f3\u0142 szklanki \u015bmietany, 6 szklanek wody \u0142y\u017ceczka m\u0105ki, kostka bulionowa lub \u0142y\u017cka przyprawy do zup, s\u00f3l, \u0142y\u017cka posiekanego koperku, 3 \u0142y\u017cki startego \u017c\u00f3\u0142tego sera.<\/em><\/p>\n<p>1. Marchew i pietruszk\u0119 obra\u0107 i zetrze\u0107 na grubej jarzynowej tarce, por drobniutko pokroi\u0107 w paseczki, na rozgrzanym w garnku ma\u015ble podsma\u017cy\u0107 warzywa &#8211; nie rumieni\u0105c ich.<br \/>\n2. Do podduszonych warzyw doda\u0107 wod\u0119, ry\u017c i kostk\u0119 bulionow\u0105 lub przypraw\u0119 do zup. Gotowa\u0107 do momentu, a\u017c ry\u017c stanie si\u0119 zupe\u0142nie mi\u0119kki.<br \/>\n3. Wymiesza\u0107 \u015bmietan\u0119 z m\u0105k\u0105, doda\u0107 do zupy, zamiesza\u0107 i doprowadzi\u0107 do wrzenia.<br \/>\n4. Do gor\u0105cej zupy doda\u0107 starty ser i wymiesza\u0107. Ka\u017cd\u0105 porcje posypa\u0107 siekanym koperkiem.<\/p>\n<p>Zup\u0119 t\u0119 mo\u017cna tak\u017ce ugotowa\u0107 z kawa\u0142kiem kurczaka lub pokrojonego na paski mi\u0119sa ciel\u0119cego albo wieprzowego.<\/p>\n","protected":false},"excerpt":{"rendered":"<p>(6 porcji) Marchew, pietruszka, kawa\u0142ek pora, 2 \u0142y\u017cki mas\u0142a, p\u00f3\u0142 szklanki ry\u017cu, p\u00f3\u0142 szklanki \u015bmietany, 6 szklanek wody \u0142y\u017ceczka m\u0105ki, kostka bulionowa lub \u0142y\u017cka przyprawy do zup, s\u00f3l, \u0142y\u017cka posiekanego koperku, 3 \u0142y\u017cki startego \u017c\u00f3\u0142tego sera. 1. Marchew i pietruszk\u0119 obra\u0107 i zetrze\u0107 na grubej jarzynowej tarce, por drobniutko pokroi\u0107 w paseczki, na rozgrzanym w [&hellip;]<\/p>\n","protected":false},"author":2,"featured_media":0,"comment_status":"open","ping_status":"open","sticky":false,"template":"","format":"standard","meta":{"footnotes":""},"categories":[1],"tags":[],"_links":{"self":[{"href":"https:\/\/blog.polityka.pl\/adamczewski\/wp-json\/wp\/v2\/posts\/9781"}],"collection":[{"href":"https:\/\/blog.polityka.pl\/adamczewski\/wp-json\/wp\/v2\/posts"}],"about":[{"href":"https:\/\/blog.polityka.pl\/adamczewski\/wp-json\/wp\/v2\/types\/post"}],"author":[{"embeddable":true,"href":"https:\/\/blog.polityka.pl\/adamczewski\/wp-json\/wp\/v2\/users\/2"}],"replies":[{"embeddable":true,"href":"https:\/\/blog.polityka.pl\/adamczewski\/wp-json\/wp\/v2\/comments?post=9781"}],"version-history":[{"count":0,"href":"https:\/\/blog.polityka.pl\/adamczewski\/wp-json\/wp\/v2\/posts\/9781\/revisions"}],"wp:attachment":[{"href":"https:\/\/blog.polityka.pl\/adamczewski\/wp-json\/wp\/v2\/media?parent=9781"}],"wp:term":[{"taxonomy":"category","embeddable":true,"href":"https:\/\/blog.polityka.pl\/adamczewski\/wp-json\/wp\/v2\/categories?post=9781"},{"taxonomy":"post_tag","embeddable":true,"href":"https:\/\/blog.polityka.pl\/adamczewski\/wp-json\/wp\/v2\/tags?post=9781"}],"curies":[{"name":"wp","href":"https:\/\/api.w.org\/{rel}","templated":true}]}}