
{"id":9783,"date":"2008-03-10T06:54:02","date_gmt":"2008-03-10T05:54:02","guid":{"rendered":"http:\/\/adamczewscy.pl\/?p=1889"},"modified":"2008-03-10T06:54:02","modified_gmt":"2008-03-10T05:54:02","slug":"zielona-salata-z-sosem-chrzanowym","status":"publish","type":"post","link":"https:\/\/blog.polityka.pl\/adamczewski\/2008\/03\/10\/zielona-salata-z-sosem-chrzanowym\/","title":{"rendered":"Zielona sa\u0142ata z sosem chrzanowym"},"content":{"rendered":"<p><em>(4 porcje)<\/p>\n<p>Paczka gotowych sa\u0142at mieszanych lub p\u00f3\u0142 g\u0142\u00f3wki sa\u0142aty lodowej i p\u00f3\u0142 paczki roszponki, niedu\u017ca czerwona cebula. Na sos: p\u00f3\u0142 szklanki jogurtu naturalnego, \u0142y\u017cka oleju z pestek winogron, 2 \u0142y\u017cki \u015bwie\u017co startego lub 3 \u0142y\u017cki chrzanu ze s\u0142oika,  sok z cytryny, s\u00f3l i cukier wed\u0142ug smaku.<\/em><\/p>\n<p>1. Wymiesza\u0107 sk\u0142adniki sosu: dodaj\u0105c s\u00f3l, cukier i sok cytrynowy nale\u017cy pr\u00f3bowa\u0107, aby nie doda\u0107 kt\u00f3rego\u015b sk\u0142adnika w nadmiarze.<br \/>\n2. Sa\u0142at\u0119 op\u0142uka\u0107, osuszy\u0107, wi\u0119ksze listki sa\u0142aty rozdrobni\u0107 palcami.<br \/>\n3. Cebul\u0119 pokroi\u0107 w cienkie plasterki i porozdziela\u0107 je na poszczeg\u00f3lne kr\u0105\u017cki.<br \/>\n4. Wymiesza\u0107 sk\u0142adniki sa\u0142aty, pola\u0107 je sosem i od razu podawa\u0107.<\/p>\n<p>Dodatek cebuli nie jest konieczny, mo\u017cna j\u0105 zast\u0105pi\u0107 gar\u015bci\u0105 kie\u0142k\u00f3w lucerny lub rzodkiewki czy s\u0142onecznika.<\/p>\n","protected":false},"excerpt":{"rendered":"<p>(4 porcje) Paczka gotowych sa\u0142at mieszanych lub p\u00f3\u0142 g\u0142\u00f3wki sa\u0142aty lodowej i p\u00f3\u0142 paczki roszponki, niedu\u017ca czerwona cebula. Na sos: p\u00f3\u0142 szklanki jogurtu naturalnego, \u0142y\u017cka oleju z pestek winogron, 2 \u0142y\u017cki \u015bwie\u017co startego lub 3 \u0142y\u017cki chrzanu ze s\u0142oika, sok z cytryny, s\u00f3l i cukier wed\u0142ug smaku. 1. Wymiesza\u0107 sk\u0142adniki sosu: dodaj\u0105c s\u00f3l, cukier i [&hellip;]<\/p>\n","protected":false},"author":2,"featured_media":0,"comment_status":"open","ping_status":"open","sticky":false,"template":"","format":"standard","meta":{"footnotes":""},"categories":[1],"tags":[],"_links":{"self":[{"href":"https:\/\/blog.polityka.pl\/adamczewski\/wp-json\/wp\/v2\/posts\/9783"}],"collection":[{"href":"https:\/\/blog.polityka.pl\/adamczewski\/wp-json\/wp\/v2\/posts"}],"about":[{"href":"https:\/\/blog.polityka.pl\/adamczewski\/wp-json\/wp\/v2\/types\/post"}],"author":[{"embeddable":true,"href":"https:\/\/blog.polityka.pl\/adamczewski\/wp-json\/wp\/v2\/users\/2"}],"replies":[{"embeddable":true,"href":"https:\/\/blog.polityka.pl\/adamczewski\/wp-json\/wp\/v2\/comments?post=9783"}],"version-history":[{"count":0,"href":"https:\/\/blog.polityka.pl\/adamczewski\/wp-json\/wp\/v2\/posts\/9783\/revisions"}],"wp:attachment":[{"href":"https:\/\/blog.polityka.pl\/adamczewski\/wp-json\/wp\/v2\/media?parent=9783"}],"wp:term":[{"taxonomy":"category","embeddable":true,"href":"https:\/\/blog.polityka.pl\/adamczewski\/wp-json\/wp\/v2\/categories?post=9783"},{"taxonomy":"post_tag","embeddable":true,"href":"https:\/\/blog.polityka.pl\/adamczewski\/wp-json\/wp\/v2\/tags?post=9783"}],"curies":[{"name":"wp","href":"https:\/\/api.w.org\/{rel}","templated":true}]}}