
{"id":9785,"date":"2008-03-10T06:55:36","date_gmt":"2008-03-10T05:55:36","guid":{"rendered":"http:\/\/adamczewscy.pl\/?p=1891"},"modified":"2008-03-10T06:55:36","modified_gmt":"2008-03-10T05:55:36","slug":"szafranowe-kokardki","status":"publish","type":"post","link":"https:\/\/blog.polityka.pl\/adamczewski\/2008\/03\/10\/szafranowe-kokardki\/","title":{"rendered":"Szafranowe kokardki"},"content":{"rendered":"<p><em>(4-6 porcji)<\/p>\n<p>P\u00f3\u0142 kilograma makaronu (kokardki), oko\u0142o 50 dag niedu\u017cych cukinii, cebula, kilka nitek szafranu, 6 plasterk\u00f3w boczku, s\u00f3l, pieprz.<\/em><\/p>\n<p>1. Boczek pokroi\u0107 w paseczki, obsma\u017cy\u0107 na patelni.<br \/>\n2. Cukini\u0119 pokroi\u0107 w kostk\u0119, cebul\u0119 drobno posieka\u0107 i poddusi\u0107 na wytopionym boczku.<br \/>\n3. Szafran namoczy\u0107 w 2 \u0142y\u017ceczkach wody i doda\u0107 do cukinii.<br \/>\n4. Doprawi\u0107 warzywa sol\u0105 i pieprzem.<br \/>\n5. Ugotowa\u0107 makaron al dente w lekko osolonej wodzie, odcedzi\u0107, doda\u0107 do warzyw z boczkiem i wymiesza\u0107. Podawa\u0107 gor\u0105ce.<\/p>\n","protected":false},"excerpt":{"rendered":"<p>(4-6 porcji) P\u00f3\u0142 kilograma makaronu (kokardki), oko\u0142o 50 dag niedu\u017cych cukinii, cebula, kilka nitek szafranu, 6 plasterk\u00f3w boczku, s\u00f3l, pieprz. 1. Boczek pokroi\u0107 w paseczki, obsma\u017cy\u0107 na patelni. 2. Cukini\u0119 pokroi\u0107 w kostk\u0119, cebul\u0119 drobno posieka\u0107 i poddusi\u0107 na wytopionym boczku. 3. Szafran namoczy\u0107 w 2 \u0142y\u017ceczkach wody i doda\u0107 do cukinii. 4. Doprawi\u0107 warzywa [&hellip;]<\/p>\n","protected":false},"author":2,"featured_media":0,"comment_status":"open","ping_status":"open","sticky":false,"template":"","format":"standard","meta":{"footnotes":""},"categories":[1],"tags":[],"_links":{"self":[{"href":"https:\/\/blog.polityka.pl\/adamczewski\/wp-json\/wp\/v2\/posts\/9785"}],"collection":[{"href":"https:\/\/blog.polityka.pl\/adamczewski\/wp-json\/wp\/v2\/posts"}],"about":[{"href":"https:\/\/blog.polityka.pl\/adamczewski\/wp-json\/wp\/v2\/types\/post"}],"author":[{"embeddable":true,"href":"https:\/\/blog.polityka.pl\/adamczewski\/wp-json\/wp\/v2\/users\/2"}],"replies":[{"embeddable":true,"href":"https:\/\/blog.polityka.pl\/adamczewski\/wp-json\/wp\/v2\/comments?post=9785"}],"version-history":[{"count":0,"href":"https:\/\/blog.polityka.pl\/adamczewski\/wp-json\/wp\/v2\/posts\/9785\/revisions"}],"wp:attachment":[{"href":"https:\/\/blog.polityka.pl\/adamczewski\/wp-json\/wp\/v2\/media?parent=9785"}],"wp:term":[{"taxonomy":"category","embeddable":true,"href":"https:\/\/blog.polityka.pl\/adamczewski\/wp-json\/wp\/v2\/categories?post=9785"},{"taxonomy":"post_tag","embeddable":true,"href":"https:\/\/blog.polityka.pl\/adamczewski\/wp-json\/wp\/v2\/tags?post=9785"}],"curies":[{"name":"wp","href":"https:\/\/api.w.org\/{rel}","templated":true}]}}