
{"id":9787,"date":"2008-03-10T07:03:22","date_gmt":"2008-03-10T06:03:22","guid":{"rendered":"http:\/\/adamczewscy.pl\/?p=1893"},"modified":"2008-03-10T07:03:22","modified_gmt":"2008-03-10T06:03:22","slug":"makaron-z-baklazanem","status":"publish","type":"post","link":"https:\/\/blog.polityka.pl\/adamczewski\/2008\/03\/10\/makaron-z-baklazanem\/","title":{"rendered":"Makaron z bak\u0142a\u017canem"},"content":{"rendered":"<p>(6 porcji)<\/p>\n<p>Paczka makaronu rurki (50 dag), 2 czerwone papryki, du\u017cy bak\u0142a\u017can, z\u0105bek czosnku, \u0142y\u017cka tartej bu\u0142ki, 2 \u0142y\u017cki posiekanej bazylii, na koniec \u0142y\u017ceczki mielonej ostrej papryki, 6 \u0142y\u017cek oliwy, \u0142y\u017cka mas\u0142a, s\u00f3l, 4 \u0142y\u017cki startego parmezanu.<\/p>\n<p>1. Bak\u0142a\u017can pokroi\u0107 w kostk\u0119,  zostawi\u0107 w durszlaku na godzin\u0119, aby obciek\u0142. Po tym czasie op\u0142uka\u0107 bak\u0142a\u017canowe kostki osuszy\u0107 w papierowym r\u0119czniku kuchennym i obsma\u017cy\u0107 w 3 \u0142y\u017ckach oliwy.<br \/>\n2. Papryki pokroi\u0107 w paski i poddusi\u0107 je na ma\u015ble i 3 \u0142y\u017ckach oliwy.<br \/>\n3. Po\u0142\u0105czy\u0107 papryk\u0119 i bak\u0142a\u017cany, doda\u0107 bazyli\u0119 i dusi\u0107 5 minut wszystko razem.<br \/>\n4. Zestawi\u0107 ca\u0142o\u015b\u0107 z ognia, doda\u0107 tart\u0105 bu\u0142k\u0119.<br \/>\n5. Ugotowa\u0107 makaron w lekko osolonej wodzie, odcedzi\u0107.<br \/>\n6. Odcedzony makaron wrzuci\u0107 do warzyw, doda\u0107 ostr\u0105 papryk\u0119, starty parmezan i wszystko wymiesza\u0107.<\/p>\n","protected":false},"excerpt":{"rendered":"<p>(6 porcji) Paczka makaronu rurki (50 dag), 2 czerwone papryki, du\u017cy bak\u0142a\u017can, z\u0105bek czosnku, \u0142y\u017cka tartej bu\u0142ki, 2 \u0142y\u017cki posiekanej bazylii, na koniec \u0142y\u017ceczki mielonej ostrej papryki, 6 \u0142y\u017cek oliwy, \u0142y\u017cka mas\u0142a, s\u00f3l, 4 \u0142y\u017cki startego parmezanu. 1. Bak\u0142a\u017can pokroi\u0107 w kostk\u0119, zostawi\u0107 w durszlaku na godzin\u0119, aby obciek\u0142. Po tym czasie op\u0142uka\u0107 bak\u0142a\u017canowe kostki [&hellip;]<\/p>\n","protected":false},"author":2,"featured_media":0,"comment_status":"open","ping_status":"open","sticky":false,"template":"","format":"standard","meta":{"footnotes":""},"categories":[1],"tags":[],"_links":{"self":[{"href":"https:\/\/blog.polityka.pl\/adamczewski\/wp-json\/wp\/v2\/posts\/9787"}],"collection":[{"href":"https:\/\/blog.polityka.pl\/adamczewski\/wp-json\/wp\/v2\/posts"}],"about":[{"href":"https:\/\/blog.polityka.pl\/adamczewski\/wp-json\/wp\/v2\/types\/post"}],"author":[{"embeddable":true,"href":"https:\/\/blog.polityka.pl\/adamczewski\/wp-json\/wp\/v2\/users\/2"}],"replies":[{"embeddable":true,"href":"https:\/\/blog.polityka.pl\/adamczewski\/wp-json\/wp\/v2\/comments?post=9787"}],"version-history":[{"count":0,"href":"https:\/\/blog.polityka.pl\/adamczewski\/wp-json\/wp\/v2\/posts\/9787\/revisions"}],"wp:attachment":[{"href":"https:\/\/blog.polityka.pl\/adamczewski\/wp-json\/wp\/v2\/media?parent=9787"}],"wp:term":[{"taxonomy":"category","embeddable":true,"href":"https:\/\/blog.polityka.pl\/adamczewski\/wp-json\/wp\/v2\/categories?post=9787"},{"taxonomy":"post_tag","embeddable":true,"href":"https:\/\/blog.polityka.pl\/adamczewski\/wp-json\/wp\/v2\/tags?post=9787"}],"curies":[{"name":"wp","href":"https:\/\/api.w.org\/{rel}","templated":true}]}}