
{"id":9788,"date":"2008-03-10T07:08:02","date_gmt":"2008-03-10T06:08:02","guid":{"rendered":"http:\/\/adamczewscy.pl\/?p=1894"},"modified":"2008-03-10T07:08:02","modified_gmt":"2008-03-10T06:08:02","slug":"krupnik-z-kaszy-kukurydzianej","status":"publish","type":"post","link":"https:\/\/blog.polityka.pl\/adamczewski\/2008\/03\/10\/krupnik-z-kaszy-kukurydzianej\/","title":{"rendered":"Krupnik z kaszy kukurydzianej"},"content":{"rendered":"<p><em>(4 porcje)<\/p>\n<p>0, 75 szklanki kaszy kukurydzianej, 3 &#8211; 4 szklanki wywaru warzywnego (mo\u017ce by\u0107 z kostki), \u0142y\u017cka mas\u0142a, 2 z\u0105bki czosnku, 2 du\u017ce czerwone papryki, 3 \u0142y\u017cki siekanej zielonej pietruszki s\u00f3l.<\/em><\/p>\n<p>1. W garnku rozpu\u015bci\u0107 mas\u0142o, doda\u0107 przeci\u015bni\u0119ty przez prask\u0119 czosnek i sma\u017cy\u0107 a\u017c stanie si\u0119 jasnoz\u0142ocisty.<br \/>\n2. Do czosnku doda\u0107 kasz\u0119 i mieszaj\u0105c podsma\u017cy\u0107, nie dopuszczaj\u0105c do zrumienienia.<br \/>\n3. Papryk\u0119 oczy\u015bci\u0107 z gniazd nasiennych, pokroi\u0107 w bardzo drobn\u0105 kostk\u0119.<br \/>\n4. Do kaszy doda\u0107 wywar oraz papryk\u0119. Gotowa\u0107 wszystko razem 20 minut. Posoli\u0107.<br \/>\n5. Posypa\u0107 zup\u0119 siekan\u0105 zielon\u0105 pietruszk\u0105.<\/p>\n","protected":false},"excerpt":{"rendered":"<p>(4 porcje) 0, 75 szklanki kaszy kukurydzianej, 3 &#8211; 4 szklanki wywaru warzywnego (mo\u017ce by\u0107 z kostki), \u0142y\u017cka mas\u0142a, 2 z\u0105bki czosnku, 2 du\u017ce czerwone papryki, 3 \u0142y\u017cki siekanej zielonej pietruszki s\u00f3l. 1. W garnku rozpu\u015bci\u0107 mas\u0142o, doda\u0107 przeci\u015bni\u0119ty przez prask\u0119 czosnek i sma\u017cy\u0107 a\u017c stanie si\u0119 jasnoz\u0142ocisty. 2. Do czosnku doda\u0107 kasz\u0119 i mieszaj\u0105c [&hellip;]<\/p>\n","protected":false},"author":2,"featured_media":0,"comment_status":"open","ping_status":"open","sticky":false,"template":"","format":"standard","meta":{"footnotes":""},"categories":[1],"tags":[],"_links":{"self":[{"href":"https:\/\/blog.polityka.pl\/adamczewski\/wp-json\/wp\/v2\/posts\/9788"}],"collection":[{"href":"https:\/\/blog.polityka.pl\/adamczewski\/wp-json\/wp\/v2\/posts"}],"about":[{"href":"https:\/\/blog.polityka.pl\/adamczewski\/wp-json\/wp\/v2\/types\/post"}],"author":[{"embeddable":true,"href":"https:\/\/blog.polityka.pl\/adamczewski\/wp-json\/wp\/v2\/users\/2"}],"replies":[{"embeddable":true,"href":"https:\/\/blog.polityka.pl\/adamczewski\/wp-json\/wp\/v2\/comments?post=9788"}],"version-history":[{"count":0,"href":"https:\/\/blog.polityka.pl\/adamczewski\/wp-json\/wp\/v2\/posts\/9788\/revisions"}],"wp:attachment":[{"href":"https:\/\/blog.polityka.pl\/adamczewski\/wp-json\/wp\/v2\/media?parent=9788"}],"wp:term":[{"taxonomy":"category","embeddable":true,"href":"https:\/\/blog.polityka.pl\/adamczewski\/wp-json\/wp\/v2\/categories?post=9788"},{"taxonomy":"post_tag","embeddable":true,"href":"https:\/\/blog.polityka.pl\/adamczewski\/wp-json\/wp\/v2\/tags?post=9788"}],"curies":[{"name":"wp","href":"https:\/\/api.w.org\/{rel}","templated":true}]}}