
{"id":9790,"date":"2008-03-10T07:09:14","date_gmt":"2008-03-10T06:09:14","guid":{"rendered":"http:\/\/adamczewscy.pl\/?p=1896"},"modified":"2008-03-10T07:09:14","modified_gmt":"2008-03-10T06:09:14","slug":"zeberka-wieprzowe-w-pomidorach","status":"publish","type":"post","link":"https:\/\/blog.polityka.pl\/adamczewski\/2008\/03\/10\/zeberka-wieprzowe-w-pomidorach\/","title":{"rendered":"\u017beberka wieprzowe w pomidorach"},"content":{"rendered":"<p><em>(4 porcje)<\/p>\n<p>80 dag \u017ceberek wieprzowych, 4 \u015brednie pomidory, \u0142y\u017ceczka s\u0142odkiej papryki w proszku, \u0142y\u017cka m\u0105ki, s\u00f3l, pieprz, 3 \u0142y\u017cki oleju, do przybrania 2 \u0142y\u017cki posiekanych listk\u00f3w selerowych lub zielonej pietruszki.<\/em><\/p>\n<p>1. \u017beberka podzieli\u0107 na porcje, obsypa\u0107 sol\u0105, pieprzem i m\u0105k\u0105.<br \/>\n2. Olej rozgrza\u0107 w garnku, obsma\u017cy\u0107 na nim \u017ceberka, wla\u0107 szklank\u0119 wody, doda\u0107 mielon\u0105 s\u0142odk\u0105 papryk\u0119 i dusi\u0107 mi\u0119so oko\u0142o 30 minut.<br \/>\n3. Pomidory sparzy\u0107 wrz\u0105tkiem i obra\u0107 ze sk\u00f3rki, pokroi\u0107 na cz\u0105stki, doda\u0107 do mi\u0119sa i dusi\u0107 a\u017c powstanie g\u0119sty sos a mi\u0119so b\u0119dzie zupe\u0142nie mi\u0119kkie.<br \/>\n4. Gotowe mi\u0119so posypa\u0107 siekanymi listkami selera lub zielonej pietruszki.<\/p>\n<p>\u017beberka w pomidorach podaje si\u0119 z kluskami k\u0142adzionymi lub \u015bl\u0105skimi, cho\u0107 doskonale smakuj\u0105 r\u00f3wnie\u017c z kopytkami.<\/p>\n","protected":false},"excerpt":{"rendered":"<p>(4 porcje) 80 dag \u017ceberek wieprzowych, 4 \u015brednie pomidory, \u0142y\u017ceczka s\u0142odkiej papryki w proszku, \u0142y\u017cka m\u0105ki, s\u00f3l, pieprz, 3 \u0142y\u017cki oleju, do przybrania 2 \u0142y\u017cki posiekanych listk\u00f3w selerowych lub zielonej pietruszki. 1. \u017beberka podzieli\u0107 na porcje, obsypa\u0107 sol\u0105, pieprzem i m\u0105k\u0105. 2. Olej rozgrza\u0107 w garnku, obsma\u017cy\u0107 na nim \u017ceberka, wla\u0107 szklank\u0119 wody, doda\u0107 mielon\u0105 [&hellip;]<\/p>\n","protected":false},"author":2,"featured_media":0,"comment_status":"open","ping_status":"open","sticky":false,"template":"","format":"standard","meta":{"footnotes":""},"categories":[1],"tags":[],"_links":{"self":[{"href":"https:\/\/blog.polityka.pl\/adamczewski\/wp-json\/wp\/v2\/posts\/9790"}],"collection":[{"href":"https:\/\/blog.polityka.pl\/adamczewski\/wp-json\/wp\/v2\/posts"}],"about":[{"href":"https:\/\/blog.polityka.pl\/adamczewski\/wp-json\/wp\/v2\/types\/post"}],"author":[{"embeddable":true,"href":"https:\/\/blog.polityka.pl\/adamczewski\/wp-json\/wp\/v2\/users\/2"}],"replies":[{"embeddable":true,"href":"https:\/\/blog.polityka.pl\/adamczewski\/wp-json\/wp\/v2\/comments?post=9790"}],"version-history":[{"count":0,"href":"https:\/\/blog.polityka.pl\/adamczewski\/wp-json\/wp\/v2\/posts\/9790\/revisions"}],"wp:attachment":[{"href":"https:\/\/blog.polityka.pl\/adamczewski\/wp-json\/wp\/v2\/media?parent=9790"}],"wp:term":[{"taxonomy":"category","embeddable":true,"href":"https:\/\/blog.polityka.pl\/adamczewski\/wp-json\/wp\/v2\/categories?post=9790"},{"taxonomy":"post_tag","embeddable":true,"href":"https:\/\/blog.polityka.pl\/adamczewski\/wp-json\/wp\/v2\/tags?post=9790"}],"curies":[{"name":"wp","href":"https:\/\/api.w.org\/{rel}","templated":true}]}}