
{"id":9791,"date":"2008-03-10T07:10:43","date_gmt":"2008-03-10T06:10:43","guid":{"rendered":"http:\/\/adamczewscy.pl\/?p=1897"},"modified":"2008-03-10T07:10:43","modified_gmt":"2008-03-10T06:10:43","slug":"ekspresowa-salatka-z-kukurydzy","status":"publish","type":"post","link":"https:\/\/blog.polityka.pl\/adamczewski\/2008\/03\/10\/ekspresowa-salatka-z-kukurydzy\/","title":{"rendered":"Ekspresowa sa\u0142atka z kukurydzy"},"content":{"rendered":"<p><em>(4 porcje)<\/p>\n<p>Puszka kukurydzy (450g), 2 \u0142y\u017cki drobnych rodzynek, du\u017ce winne jab\u0142ko, p\u00f3\u0142 szklanki jogurtu naturalnego, \u0142y\u017cka soku cytrynowego, ew. do smaku cukier i s\u00f3l.<\/em><\/p>\n<p>1. Kukurydz\u0119 ods\u0105czy\u0107 na durszlaku.<br \/>\n2. Rodzynki umy\u0107 i wysuszy\u0107.<br \/>\n3. Jab\u0142ko zetrze\u0107 na jarzynowej tarce o du\u017cych oczkach.<br \/>\n4. Po\u0142\u0105czy\u0107 jogurt z sokiem cytrynowym, cukrem i sol\u0105.<br \/>\n5. Wymiesza\u0107 wszystkie sk\u0142adniki sa\u0142atki.<\/p>\n<p>Sa\u0142atk\u0119 t\u0119 mo\u017cna wzbogaci\u0107 dodatkiem kie\u0142k\u00f3w, pokrojon\u0105 mandarynk\u0105 lub dowolnym dodatkiem owocowym.<\/p>\n","protected":false},"excerpt":{"rendered":"<p>(4 porcje) Puszka kukurydzy (450g), 2 \u0142y\u017cki drobnych rodzynek, du\u017ce winne jab\u0142ko, p\u00f3\u0142 szklanki jogurtu naturalnego, \u0142y\u017cka soku cytrynowego, ew. do smaku cukier i s\u00f3l. 1. Kukurydz\u0119 ods\u0105czy\u0107 na durszlaku. 2. Rodzynki umy\u0107 i wysuszy\u0107. 3. Jab\u0142ko zetrze\u0107 na jarzynowej tarce o du\u017cych oczkach. 4. Po\u0142\u0105czy\u0107 jogurt z sokiem cytrynowym, cukrem i sol\u0105. 5. Wymiesza\u0107 [&hellip;]<\/p>\n","protected":false},"author":2,"featured_media":0,"comment_status":"open","ping_status":"open","sticky":false,"template":"","format":"standard","meta":{"footnotes":""},"categories":[1],"tags":[],"_links":{"self":[{"href":"https:\/\/blog.polityka.pl\/adamczewski\/wp-json\/wp\/v2\/posts\/9791"}],"collection":[{"href":"https:\/\/blog.polityka.pl\/adamczewski\/wp-json\/wp\/v2\/posts"}],"about":[{"href":"https:\/\/blog.polityka.pl\/adamczewski\/wp-json\/wp\/v2\/types\/post"}],"author":[{"embeddable":true,"href":"https:\/\/blog.polityka.pl\/adamczewski\/wp-json\/wp\/v2\/users\/2"}],"replies":[{"embeddable":true,"href":"https:\/\/blog.polityka.pl\/adamczewski\/wp-json\/wp\/v2\/comments?post=9791"}],"version-history":[{"count":0,"href":"https:\/\/blog.polityka.pl\/adamczewski\/wp-json\/wp\/v2\/posts\/9791\/revisions"}],"wp:attachment":[{"href":"https:\/\/blog.polityka.pl\/adamczewski\/wp-json\/wp\/v2\/media?parent=9791"}],"wp:term":[{"taxonomy":"category","embeddable":true,"href":"https:\/\/blog.polityka.pl\/adamczewski\/wp-json\/wp\/v2\/categories?post=9791"},{"taxonomy":"post_tag","embeddable":true,"href":"https:\/\/blog.polityka.pl\/adamczewski\/wp-json\/wp\/v2\/tags?post=9791"}],"curies":[{"name":"wp","href":"https:\/\/api.w.org\/{rel}","templated":true}]}}