
{"id":9794,"date":"2008-03-13T12:24:28","date_gmt":"2008-03-13T11:24:28","guid":{"rendered":"http:\/\/adamczewscy.pl\/?p=1900"},"modified":"2008-03-13T12:24:28","modified_gmt":"2008-03-13T11:24:28","slug":"szynka-swiateczna-inaczej","status":"publish","type":"post","link":"https:\/\/blog.polityka.pl\/adamczewski\/2008\/03\/13\/szynka-swiateczna-inaczej\/","title":{"rendered":"Szynka \u015bwi\u0105teczna inaczej"},"content":{"rendered":"<p><em>40 dag gotowanej szynki 8 jaj przepi\u00f3rczych, p\u00f3\u0142 szklanki zielonego konserwowego groszku, 7 \u0142y\u017ceczek \u017celatyny, 4 szklanki roso\u0142u warzywnego z kostki.<\/em><\/p>\n<p>1. Jajka przepi\u00f3rcze ugotowa\u0107  na twardo, ostudzi\u0107 obra\u0107.<br \/>\n2. \u017belatyn\u0119 namoczy\u0107 w rosole warzywnym, kiedy sp\u0119cznieje zagotowa\u0107, odstawi\u0107 do ostudzenia.<br \/>\n3. Szynk\u0119 pokroi\u0107 w  paseczki.<br \/>\n4. Groszek ods\u0105czy\u0107 na durszlaku z zalewy.<br \/>\n5. Przygotowa\u0107 male\u0144kie miseczki lub fili\u017canki (8-10 sztuk), do ka\u017cdej z nich wla\u0107 2 \u0142y\u017cki t\u0119\u017cej\u0105cej galarety i zastudzi\u0107 w lod\u00f3wce.<br \/>\n6. Na warstwie t\u0119\u017cej\u0105cej galarety po\u0142o\u017cy\u0107 po\u0142\u00f3wk\u0119 ugotowanego na twardo jajka oraz  pokrojon\u0105 szynk\u0119  oraz groszek i zala\u0107 warstw\u0105  galarety. Odstawi\u0107 do lod\u00f3wki na kilka godzin.<br \/>\n7. Podawa\u0107 galaret\u0119 wy\u0142o\u017con\u0105 z foremek dnem do g\u00f3ry, przybran\u0105 krojonymi pomidorami, zielon\u0105 sa\u0142at\u0105 lub zielon\u0105 pietruszk\u0105.<\/p>\n<p>Do tak przygotowanej szynki doskonale pasuje chrzan wymieszany ze \u015bmietan\u0105 lub bez \u017cadnych dodatk\u00f3w.<\/p>\n","protected":false},"excerpt":{"rendered":"<p>40 dag gotowanej szynki 8 jaj przepi\u00f3rczych, p\u00f3\u0142 szklanki zielonego konserwowego groszku, 7 \u0142y\u017ceczek \u017celatyny, 4 szklanki roso\u0142u warzywnego z kostki. 1. Jajka przepi\u00f3rcze ugotowa\u0107 na twardo, ostudzi\u0107 obra\u0107. 2. \u017belatyn\u0119 namoczy\u0107 w rosole warzywnym, kiedy sp\u0119cznieje zagotowa\u0107, odstawi\u0107 do ostudzenia. 3. Szynk\u0119 pokroi\u0107 w paseczki. 4. Groszek ods\u0105czy\u0107 na durszlaku z zalewy. 5. Przygotowa\u0107 [&hellip;]<\/p>\n","protected":false},"author":2,"featured_media":0,"comment_status":"open","ping_status":"open","sticky":false,"template":"","format":"standard","meta":{"footnotes":""},"categories":[1],"tags":[],"_links":{"self":[{"href":"https:\/\/blog.polityka.pl\/adamczewski\/wp-json\/wp\/v2\/posts\/9794"}],"collection":[{"href":"https:\/\/blog.polityka.pl\/adamczewski\/wp-json\/wp\/v2\/posts"}],"about":[{"href":"https:\/\/blog.polityka.pl\/adamczewski\/wp-json\/wp\/v2\/types\/post"}],"author":[{"embeddable":true,"href":"https:\/\/blog.polityka.pl\/adamczewski\/wp-json\/wp\/v2\/users\/2"}],"replies":[{"embeddable":true,"href":"https:\/\/blog.polityka.pl\/adamczewski\/wp-json\/wp\/v2\/comments?post=9794"}],"version-history":[{"count":0,"href":"https:\/\/blog.polityka.pl\/adamczewski\/wp-json\/wp\/v2\/posts\/9794\/revisions"}],"wp:attachment":[{"href":"https:\/\/blog.polityka.pl\/adamczewski\/wp-json\/wp\/v2\/media?parent=9794"}],"wp:term":[{"taxonomy":"category","embeddable":true,"href":"https:\/\/blog.polityka.pl\/adamczewski\/wp-json\/wp\/v2\/categories?post=9794"},{"taxonomy":"post_tag","embeddable":true,"href":"https:\/\/blog.polityka.pl\/adamczewski\/wp-json\/wp\/v2\/tags?post=9794"}],"curies":[{"name":"wp","href":"https:\/\/api.w.org\/{rel}","templated":true}]}}