
{"id":98,"date":"2006-12-06T11:13:41","date_gmt":"2006-12-06T10:13:41","guid":{"rendered":"http:\/\/adamczewski.blog.polityka.pl\/?p=98"},"modified":"2006-12-06T11:13:41","modified_gmt":"2006-12-06T10:13:41","slug":"zgadnij-co-gotujemy-17","status":"publish","type":"post","link":"https:\/\/blog.polityka.pl\/adamczewski\/2006\/12\/06\/zgadnij-co-gotujemy-17\/","title":{"rendered":"Zgadnij co gotujemy (17)"},"content":{"rendered":"<p>\u015awi\u0119ty Miko\u0142aj puka do naszych drzwi. Jednym przynosi r\u00f3zg\u0119, a innym wymarzone prezenty. 6 grudnia jednak go nie spotykamy, wpada bowiem noc\u0105, a podarki zostawia albo na poduszce, albo w skarpetce, albo w bucie. Wszystko zale\u017cy od miejsca, w kt\u00f3rym nas odwiedza. Tak jak obyczaj wizyt Miko\u0142aja, tak i dania na naszych sto\u0142ach r\u00f3\u017cni\u0105 si\u0119 w zale\u017cno\u015bci od regionu, w kt\u00f3rym mieszkamy. Dzi\u015b wi\u0119c pytania o regionalne dania.<\/p>\n<p>Z jakiego rejonu Polski pochodz\u0105:<\/p>\n<p>1 &#8211; <strong>cepeliny<\/strong><\/p>\n<p>2 &#8211; <strong>riwkacze<\/strong><\/p>\n<p>3 &#8211; <strong>karbinadel<\/strong><\/p>\n<p>Na odpowiedzi czekam jak zwykle\u00a0pod internetowym adresem:<\/p>\n<p><a href=\"mailto:internet@polityka.com.pl\">internet@polityka.com.pl<\/a>.<\/p>\n<p>Pierwsza prawid\u0142owa odpowied\u017a b\u0119dzie nagrodzona ksi\u0105\u017ck\u0105 &#8222;Kuchnia polska na nowo odkryta&#8221;, wydan\u0105 przez firm\u0119 Pr\u00f3szy\u0144ski i S-ka, z dedykacj\u0105 i autografem autorki, czyli Barbary Adamczewskiej.<\/p>\n","protected":false},"excerpt":{"rendered":"<p>\u015awi\u0119ty Miko\u0142aj puka do naszych drzwi. Jednym przynosi r\u00f3zg\u0119, a innym wymarzone prezenty. 6 grudnia jednak go nie spotykamy, wpada bowiem noc\u0105, a podarki zostawia albo na poduszce, albo w skarpetce, albo w bucie. Wszystko zale\u017cy od miejsca, w kt\u00f3rym nas odwiedza. Tak jak obyczaj wizyt Miko\u0142aja, tak i dania na naszych sto\u0142ach r\u00f3\u017cni\u0105 si\u0119 [&hellip;]<\/p>\n","protected":false},"author":2,"featured_media":0,"comment_status":"open","ping_status":"open","sticky":false,"template":"","format":"standard","meta":{"footnotes":""},"categories":[1],"tags":[],"_links":{"self":[{"href":"https:\/\/blog.polityka.pl\/adamczewski\/wp-json\/wp\/v2\/posts\/98"}],"collection":[{"href":"https:\/\/blog.polityka.pl\/adamczewski\/wp-json\/wp\/v2\/posts"}],"about":[{"href":"https:\/\/blog.polityka.pl\/adamczewski\/wp-json\/wp\/v2\/types\/post"}],"author":[{"embeddable":true,"href":"https:\/\/blog.polityka.pl\/adamczewski\/wp-json\/wp\/v2\/users\/2"}],"replies":[{"embeddable":true,"href":"https:\/\/blog.polityka.pl\/adamczewski\/wp-json\/wp\/v2\/comments?post=98"}],"version-history":[{"count":0,"href":"https:\/\/blog.polityka.pl\/adamczewski\/wp-json\/wp\/v2\/posts\/98\/revisions"}],"wp:attachment":[{"href":"https:\/\/blog.polityka.pl\/adamczewski\/wp-json\/wp\/v2\/media?parent=98"}],"wp:term":[{"taxonomy":"category","embeddable":true,"href":"https:\/\/blog.polityka.pl\/adamczewski\/wp-json\/wp\/v2\/categories?post=98"},{"taxonomy":"post_tag","embeddable":true,"href":"https:\/\/blog.polityka.pl\/adamczewski\/wp-json\/wp\/v2\/tags?post=98"}],"curies":[{"name":"wp","href":"https:\/\/api.w.org\/{rel}","templated":true}]}}